{"id":116940,"date":"2017-01-03T00:00:00","date_gmt":"2017-01-02T23:00:00","guid":{"rendered":"https:\/\/www.mdirector.com\/2017\/01\/25\/calendrier-2017-des-dates-importantes-pour-votre-plan-de-marketing\/"},"modified":"2022-05-09T09:10:26","modified_gmt":"2022-05-09T07:10:26","slug":"calendrier-2017-pour-votre-plan-marketing","status":"publish","type":"post","link":"https:\/\/www.mdirector.com\/fr\/blog\/calendrier-2017-pour-votre-plan-marketing\/","title":{"rendered":"Calendrier 2017 des dates importantes pour votre plan de marketing"},"content":{"rendered":"<div style=\"margin-top: 0px; margin-bottom: 0px;\" class=\"sharethis-inline-share-buttons\" ><\/div><p><link rel=\"preload\" as=\"image\" href=\"https:\/\/www.mdirector.com\/wp-content\/uploads\/2022\/04\/calendrier-2017-plan-marketing-oki2.jpg\" imagesizes=\"(max-width: 1100px) 100vw, 1100px\" \/><img decoding=\"async\" class=\"aligncenter wp-image-39107 size-full\" src=\"https:\/\/www.mdirector.com\/wp-content\/uploads\/2022\/04\/calendrier-2017-plan-marketing-oki2.jpg\" alt=\"calendrier 2017 pour votre plan de marketing\" \/><\/p>\n<p>Une nouvelle ann\u00e9e qui commence: c\u2019est le bon moment pour ins\u00e9rer dans notre calendrier marketing 2017 nos nouveaux projets. Parmi vos r\u00e9solutions du Nouvel An il y aura surement la croissance de votre entreprise et atteindre vos objectifs.<\/p>\n<p>Pour vous aider, on vous propose des dates importantes en la cr\u00e9ation d\u2019un calendrier de marketing pour le 2017. Un outil parfait pour vous pr\u00e9parer aux dates importantes de cette ann\u00e9e. Ainsi, vous serez pr\u00eats pour toutes.<\/p>\n<p>Comme vous savez, une bonne planification est essentielle pour que vos campagnes soient efficaces. Si vous voulez que le 2017 soit productif, nous vous recommandons de commencer organiser vos futures actions. Un bon responsable de marketing doit \u00eatre pr\u00e9par\u00e9 tout l\u2019ann\u00e9e pour les dates sp\u00e9ciales: celles que incitent aux achats et augmentent les possibilit\u00e9s d\u2019accro\u00eetre vos ventes.<\/p>\n<p>Un calendrier marketing du 2017 est l\u2019un des meilleur outils que vous pouvez trouver. La planification vous permet de r\u00e9duire vos co\u00fbts. Vous pouvez m\u00eame pr\u00e9parer des plans de crise en cas de probl\u00e8me. Ici nous identifions une liste de dates importantes \u00e0 utiliser pour accro\u00eetre vos ventes.<\/p>\n<div id=\"ez-toc-container\" class=\"ez-toc-v2_0_74 counter-hierarchy ez-toc-counter ez-toc-grey ez-toc-container-direction\">\n<div class=\"ez-toc-title-container\">\n<p class=\"ez-toc-title\" style=\"cursor:inherit\">INDEX DES MATI\u00c8RES <\/p>\n<span class=\"ez-toc-title-toggle\"><\/span><\/div>\n<nav><ul class='ez-toc-list ez-toc-list-level-1 ' ><li class='ez-toc-page-1 ez-toc-heading-level-2'><a class=\"ez-toc-link ez-toc-heading-1\" href=\"https:\/\/www.mdirector.com\/fr\/blog\/calendrier-2017-pour-votre-plan-marketing\/#Calendrier_marketing_2017\" >Calendrier marketing 2017<\/a><ul class='ez-toc-list-level-3' ><li class='ez-toc-heading-level-3'><a class=\"ez-toc-link ez-toc-heading-2\" href=\"https:\/\/www.mdirector.com\/fr\/blog\/calendrier-2017-pour-votre-plan-marketing\/#1-_Janvier\" >1.- Janvier<\/a><\/li><li class='ez-toc-page-1 ez-toc-heading-level-3'><a class=\"ez-toc-link ez-toc-heading-3\" href=\"https:\/\/www.mdirector.com\/fr\/blog\/calendrier-2017-pour-votre-plan-marketing\/#2-_Fevrier\" >2.- F\u00e9vrier<\/a><\/li><li class='ez-toc-page-1 ez-toc-heading-level-3'><a class=\"ez-toc-link ez-toc-heading-4\" href=\"https:\/\/www.mdirector.com\/fr\/blog\/calendrier-2017-pour-votre-plan-marketing\/#3-_Mars\" >3.- Mars<\/a><\/li><li class='ez-toc-page-1 ez-toc-heading-level-3'><a class=\"ez-toc-link ez-toc-heading-5\" href=\"https:\/\/www.mdirector.com\/fr\/blog\/calendrier-2017-pour-votre-plan-marketing\/#4-_Avril\" >4.- Avril<\/a><\/li><li class='ez-toc-page-1 ez-toc-heading-level-3'><a class=\"ez-toc-link ez-toc-heading-6\" href=\"https:\/\/www.mdirector.com\/fr\/blog\/calendrier-2017-pour-votre-plan-marketing\/#5-_Mai\" >5.- Mai<\/a><\/li><li class='ez-toc-page-1 ez-toc-heading-level-3'><a class=\"ez-toc-link ez-toc-heading-7\" href=\"https:\/\/www.mdirector.com\/fr\/blog\/calendrier-2017-pour-votre-plan-marketing\/#6-_Juin\" >6.- Juin<\/a><\/li><li class='ez-toc-page-1 ez-toc-heading-level-3'><a class=\"ez-toc-link ez-toc-heading-8\" href=\"https:\/\/www.mdirector.com\/fr\/blog\/calendrier-2017-pour-votre-plan-marketing\/#7-_Juillet\" >7.- Juillet<\/a><\/li><li class='ez-toc-page-1 ez-toc-heading-level-3'><a class=\"ez-toc-link ez-toc-heading-9\" href=\"https:\/\/www.mdirector.com\/fr\/blog\/calendrier-2017-pour-votre-plan-marketing\/#8-_Aout\" >8.- Ao\u00fbt<\/a><\/li><li class='ez-toc-page-1 ez-toc-heading-level-3'><a class=\"ez-toc-link ez-toc-heading-10\" href=\"https:\/\/www.mdirector.com\/fr\/blog\/calendrier-2017-pour-votre-plan-marketing\/#9-_Septembre\" >9.- Septembre<\/a><\/li><li class='ez-toc-page-1 ez-toc-heading-level-3'><a class=\"ez-toc-link ez-toc-heading-11\" href=\"https:\/\/www.mdirector.com\/fr\/blog\/calendrier-2017-pour-votre-plan-marketing\/#10-_Octobre\" >10.- Octobre<\/a><\/li><li class='ez-toc-page-1 ez-toc-heading-level-3'><a class=\"ez-toc-link ez-toc-heading-12\" href=\"https:\/\/www.mdirector.com\/fr\/blog\/calendrier-2017-pour-votre-plan-marketing\/#11-_Novembre\" >11.- Novembre<\/a><\/li><li class='ez-toc-page-1 ez-toc-heading-level-3'><a class=\"ez-toc-link ez-toc-heading-13\" href=\"https:\/\/www.mdirector.com\/fr\/blog\/calendrier-2017-pour-votre-plan-marketing\/#12-_Decembre\" >12.- D\u00e9cembre<\/a><\/li><\/ul><\/li><li class='ez-toc-page-1 ez-toc-heading-level-2'><a class=\"ez-toc-link ez-toc-heading-14\" href=\"https:\/\/www.mdirector.com\/fr\/blog\/calendrier-2017-pour-votre-plan-marketing\/#4_pas_pour_ameliorer_votre_calendrier_marketing_2017\" >4 pas pour am\u00e9liorer votre calendrier marketing 2017<\/a><ul class='ez-toc-list-level-3' ><li class='ez-toc-heading-level-3'><a class=\"ez-toc-link ez-toc-heading-15\" href=\"https:\/\/www.mdirector.com\/fr\/blog\/calendrier-2017-pour-votre-plan-marketing\/#1-_Tout_depend_de_votre_secteur\" >1.- Tout d\u00e9pend de votre secteur<\/a><\/li><li class='ez-toc-page-1 ez-toc-heading-level-3'><a class=\"ez-toc-link ez-toc-heading-16\" href=\"https:\/\/www.mdirector.com\/fr\/blog\/calendrier-2017-pour-votre-plan-marketing\/#2-_Planifiez_vos_actions\" >2.- Planifiez vos actions<\/a><\/li><li class='ez-toc-page-1 ez-toc-heading-level-3'><a class=\"ez-toc-link ez-toc-heading-17\" href=\"https:\/\/www.mdirector.com\/fr\/blog\/calendrier-2017-pour-votre-plan-marketing\/#3-_Fixez_un_budget\" >3.- Fixez un budget<\/a><\/li><li class='ez-toc-page-1 ez-toc-heading-level-3'><a class=\"ez-toc-link ez-toc-heading-18\" href=\"https:\/\/www.mdirector.com\/fr\/blog\/calendrier-2017-pour-votre-plan-marketing\/#4-_Controlez_et_analysez_les_resultats\" >4.- Contr\u00f4lez et analysez les r\u00e9sultats<\/a><\/li><\/ul><\/li><\/ul><\/nav><\/div>\n<h2><span class=\"ez-toc-section\" id=\"Calendrier_marketing_2017\"><\/span>Calendrier marketing 2017<span class=\"ez-toc-section-end\"><\/span><\/h2>\n<h3><span class=\"ez-toc-section\" id=\"1-_Janvier\"><\/span><strong>1.- Janvier<\/strong><span class=\"ez-toc-section-end\"><\/span><\/h3>\n<div class=\"su-youtube su-u-responsive-media-yes\"><iframe width=\"700\" height=\"440\" src=\"https:\/\/www.youtube.com\/embed\/fejgZhaZCBY?autohide=2&amp;autoplay=0&amp;mute=0&amp;controls=1&amp;fs=1&amp;loop=0&amp;modestbranding=0&amp;rel=1&amp;showinfo=1&amp;theme=dark&amp;wmode=&amp;playsinline=0\" frameborder=\"0\" allowfullscreen allow=\"autoplay; encrypted-media; picture-in-picture\" title=\"\"><\/iframe><\/div>\n<ul>\n<li><strong>1 janvier:<\/strong> Nouvel An.<\/li>\n<li><strong>6 janvier:<\/strong> Epiphanie ou f\u00eate des rois mages<\/li>\n<li><strong>11 janvier:<\/strong> Soldes d\u2019hiver. Il s\u2019agit d\u2019une de ces dates ou les magasins, physiques et digitales, se remplissent. En fait, nombreux utilisateurs attendent la fin des f\u00eates de No\u00ebl pour des achats moins chers. Pour profiter de ces dates vous devriez essayer de vous mettre en \u00e9vidence sur la concurrence.<\/li>\n<li><strong>16 janvier:<\/strong> Lundi blues<\/li>\n<li><strong>16 \u2013 29 janvier:<\/strong> Australian Open<\/li>\n<li><strong>23 janvier:<\/strong> Journ\u00e9e des Animateurs de communaut\u00e9. Une journ\u00e9e mondiale qui se c\u00e9l\u00e8bre le quatri\u00e8me lundi de Janvier.<\/li>\n<li><strong>28 janvier:<\/strong> Nouvel An chinois<\/li>\n<li><strong>28 janvier:<\/strong> Journ\u00e9e de la protection des donn\u00e9es.<\/li>\n<\/ul>\n<h3><span class=\"ez-toc-section\" id=\"2-_Fevrier\"><\/span><strong>2.- F\u00e9vrier<\/strong><span class=\"ez-toc-section-end\"><\/span><\/h3>\n<div class=\"su-youtube su-u-responsive-media-yes\"><iframe width=\"700\" height=\"440\" src=\"https:\/\/www.youtube.com\/embed\/GqrYg9abpq0?autohide=2&amp;autoplay=0&amp;mute=0&amp;controls=1&amp;fs=1&amp;loop=0&amp;modestbranding=0&amp;rel=1&amp;showinfo=1&amp;theme=dark&amp;wmode=&amp;playsinline=0\" frameborder=\"0\" allowfullscreen allow=\"autoplay; encrypted-media; picture-in-picture\" title=\"\"><\/iframe><\/div>\n<ul>\n<li><strong>2 f\u00e9vrier:<\/strong> Chandeleur<\/li>\n<li><strong>4 f\u00e9vrier:<\/strong> Journ\u00e9e mondiale contre le cancer.<\/li>\n<li><strong>5 f\u00e9vrier:<\/strong> Superbowl. L\u2019\u00e9v\u00e9nement m\u00e9diatique majeur aux \u00c9tats-Unis dont des nombreuses marques dans le monde profitent.<\/li>\n<li><strong>14 f\u00e9vrier:<\/strong> Saint-Valentin. Heineken a voulu tester les hommes et ses relations avec une bo\u00eete que cachait un plan secret. L\u2019objectif de la campagne \u00e9tait d\u2019encourager les hommes \u00e0 exprimer leur amour en public. Pour cela ils ont lanc\u00e9e une campagne brillante: pour d\u00e9verrouiller la bo\u00eete et d\u00e9couvrir le don, il \u00e9tait n\u00e9cessaire de publier leurs sentiments sur Instagram en mentionnant la marque avec le hashtag #DateInABox. Ils ont obtenu des r\u00e9sult\u00e1ts tr\u00e8s positifs et ont surpris tout le monde.<\/li>\n<li><strong>21 f\u00e9vrier:<\/strong> Fin des soldes d\u2019hiver<\/li>\n<li><strong>24 f\u00e9vrier:<\/strong> C\u00e9r\u00e9monie des C\u00e9sar<\/li>\n<li><strong>26 f\u00e9vrier:<\/strong> Carnaval<\/li>\n<li><strong>26 f\u00e9vrier:<\/strong> C\u00e9r\u00e9monie des Oscar<\/li>\n<li><strong>28 f\u00e9vrier:<\/strong> Paris Fashion Week<\/li>\n<\/ul>\n<h3><span class=\"ez-toc-section\" id=\"3-_Mars\"><\/span><strong>3.- Mars<\/strong><span class=\"ez-toc-section-end\"><\/span><\/h3>\n<div class=\"su-youtube su-u-responsive-media-yes\"><iframe width=\"700\" height=\"440\" src=\"https:\/\/www.youtube.com\/embed\/ttP9sYQ-tGo?autohide=2&amp;autoplay=0&amp;mute=0&amp;controls=1&amp;fs=1&amp;loop=0&amp;modestbranding=0&amp;rel=1&amp;showinfo=1&amp;theme=dark&amp;wmode=&amp;playsinline=0\" frameborder=\"0\" allowfullscreen allow=\"autoplay; encrypted-media; picture-in-picture\" title=\"\"><\/iframe><\/div>\n<ul>\n<li><strong>1 mars:<\/strong>\u00a0F\u00eate des grands-m\u00e8res<\/li>\n<li><strong>8 mars:<\/strong> Journ\u00e9e de la femme<\/li>\n<li><strong>15 mars:<\/strong>\u00a0Journ\u00e9e mondiale des droits des consommateurs<\/li>\n<li><strong>17 mars:<\/strong> St Patrick\u2019s Day. L\u2019une des principales c\u00e9l\u00e9brations mondiale d\u2019origine irlandaise.<\/li>\n<li><strong>18 mars:<\/strong>\u00a0Journ\u00e9e nationale du sommeil<\/li>\n<li><strong>20 mars:<\/strong> Journ\u00e9e mondiale du bonheur<\/li>\n<li><strong>21 mars:<\/strong> Printemps. Les entreprises profitent souvent ces jours pour lancer ses nouvelles collections.<\/li>\n<li><strong>25 mars:<\/strong> Journ\u00e9e de la procrastination<\/li>\n<li><strong>27 mars:<\/strong> Journ\u00e9e mondiale du th\u00e9\u00e2tre<\/li>\n<\/ul>\n<h3><span class=\"ez-toc-section\" id=\"4-_Avril\"><\/span><strong>4.- Avril<\/strong><span class=\"ez-toc-section-end\"><\/span><\/h3>\n<div class=\"su-youtube su-u-responsive-media-yes\"><iframe width=\"700\" height=\"440\" src=\"https:\/\/www.youtube.com\/embed\/qPjF2tN1aog?autohide=2&amp;autoplay=0&amp;mute=0&amp;controls=1&amp;fs=1&amp;loop=0&amp;modestbranding=0&amp;rel=1&amp;showinfo=1&amp;theme=dark&amp;wmode=&amp;playsinline=0\" frameborder=\"0\" allowfullscreen allow=\"autoplay; encrypted-media; picture-in-picture\" title=\"\"><\/iframe><\/div>\n<ul>\n<li><strong>1 avril:<\/strong> Poisson d\u2019avril \/ Finale Coupe de Ligue.<\/li>\n<li><strong>8 avril:<\/strong> Journ\u00e9e nationale du fromage<\/li>\n<li><strong>9 avril:<\/strong> Semaine sainte. L\u2019arriv\u00e9e de la semaine sainte est parfaite pour plusieurs marques. Entre agences de voyage, compagnies a\u00e9riennes et magasins. L\u2019exemple qu\u2019on a choisi est une campagne de marketing social qui a eu un fort impact en 2013. En utilisant le slogan \u201cSi vous aimez S\u00e9ville votre semaine sainte commence ici\u201d la mairie de S\u00e9ville a soulev\u00e9 l\u2019inqui\u00e9tude de ceux qui assistent aux processions de l\u2019importance de garder la ville propre.<\/li>\n<li><strong>14 \u2013 23 avril:<\/strong> Coachella.<\/li>\n<li><strong>16 avril:<\/strong> P\u00e2ques<\/li>\n<li><strong>19 avril:<\/strong> Journ\u00e9e mondiale du v\u00e9lo<\/li>\n<li><strong>22 avril:<\/strong> Earth day<\/li>\n<li><strong>23 avril:<\/strong> Journ\u00e9e mondiale du livre<\/li>\n<li><strong>27 avril:<\/strong> Foire de Paris<\/li>\n<li><strong>27 avril:<\/strong> Journ\u00e9e internationale du design graphique<\/li>\n<li><strong>30 avril:<\/strong> Journ\u00e9e nationale du souvenir de la d\u00e9portation.<\/li>\n<\/ul>\n<h3><span class=\"ez-toc-section\" id=\"5-_Mai\"><\/span><strong>5.- Mai<\/strong><span class=\"ez-toc-section-end\"><\/span><\/h3>\n<div class=\"su-youtube su-u-responsive-media-yes\"><iframe width=\"700\" height=\"440\" src=\"https:\/\/www.youtube.com\/embed\/ADqlMHbB8i0?autohide=2&amp;autoplay=0&amp;mute=0&amp;controls=1&amp;fs=1&amp;loop=0&amp;modestbranding=0&amp;rel=1&amp;showinfo=1&amp;theme=dark&amp;wmode=&amp;playsinline=0\" frameborder=\"0\" allowfullscreen allow=\"autoplay; encrypted-media; picture-in-picture\" title=\"\"><\/iframe><\/div>\n<ul>\n<li><strong>1 mai:<\/strong>\u00a0F\u00eate du travail<\/li>\n<li><strong>4 mai:<\/strong> Journ\u00e9e de Star Wars<\/li>\n<li><strong>8 mai:<\/strong>\u00a0F\u00eate de la Victoire<\/li>\n<li><strong>9-13 mai:<\/strong> Eurovision. L\u2019un des \u00e9v\u00e9nements majeurs de t\u00e9l\u00e9vision de l\u2019ann\u00e9e que certaines marques savent profiter.<\/li>\n<li><strong>13 mai:<\/strong> Journ\u00e9e nationale des gauchers<\/li>\n<li><strong>15 mai:<\/strong> Journ\u00e9e mondiale de l\u2019art<\/li>\n<li><strong>17 mai:<\/strong> festival de Cannes<\/li>\n<li><strong>18 mai:<\/strong> Journ\u00e9e mondiale des mus\u00e9es<\/li>\n<li><strong>20 mai:<\/strong> Nuit europ\u00e9enne des mus\u00e9es<\/li>\n<li><strong>25 mai:<\/strong> Jeudi de l\u2019Ascension<\/li>\n<li><strong>27 mai:<\/strong> commence le Ramadan.<\/li>\n<li><strong>27 mai:<\/strong> Finale Coupe de France de Football<\/li>\n<li><strong>28 mai:<\/strong> F\u00eates des m\u00e8res. Une journ\u00e9e o\u00f9 la cr\u00e9ativit\u00e9 peut vous faire augmenter les ventes de fa\u00e7on exponentielle. Comme Navidul, une marque de jambon qui a d\u00e9cid\u00e9 c\u00e9l\u00e9brer d\u2019une mani\u00e8re tr\u00e8s sp\u00e9ciale: offrir lune jambon du m\u00eame poids du b\u00e9b\u00e9.<\/li>\n<\/ul>\n<h3><span class=\"ez-toc-section\" id=\"6-_Juin\"><\/span><strong>6.- Juin<\/strong><span class=\"ez-toc-section-end\"><\/span><\/h3>\n<div class=\"su-youtube su-u-responsive-media-yes\"><iframe width=\"700\" height=\"440\" src=\"https:\/\/www.youtube.com\/embed\/nf1u6s-LQq4?autohide=2&amp;autoplay=0&amp;mute=0&amp;controls=1&amp;fs=1&amp;loop=0&amp;modestbranding=0&amp;rel=1&amp;showinfo=1&amp;theme=dark&amp;wmode=&amp;playsinline=0\" frameborder=\"0\" allowfullscreen allow=\"autoplay; encrypted-media; picture-in-picture\" title=\"\"><\/iframe><\/div>\n<ul>\n<li><strong>3 juin:<\/strong> Finale Ligue des Champions. Une grande opportunit\u00e9 \u00e0 inclure dans tes campagnes de marketing num\u00e9rique.<\/li>\n<li><strong>5 juin:<\/strong> Lundi de Pentec\u00f4te<\/li>\n<li><strong>10 au 11 juin:<\/strong>\u00a0Phases finales Roland Garros<\/li>\n<li><strong>17 juin:<\/strong> 24h du Mans<\/li>\n<li><strong>18 juin:<\/strong> F\u00eate des p\u00e8res.Un jour o\u00f9 les cadeaux montent en fl\u00e8che. Et les campagnes des marques aussi.<\/li>\n<li><strong>21 juin:<\/strong> \u00e9t\u00e9.<\/li>\n<li><strong>22 juin:<\/strong> Journ\u00e9e nationale de r\u00e9flexion sur le don d\u2019organes.<\/li>\n<li><strong>23 juin au 2 juillet:<\/strong> World Pride.<\/li>\n<li><strong>25 juin:<\/strong>\u00a0Journ\u00e9e mondiale des Schtroumpfs.<\/li>\n<li><strong>28 juin:<\/strong> Soldes d\u2019\u00e9t\u00e9<\/li>\n<\/ul>\n<h3><span class=\"ez-toc-section\" id=\"7-_Juillet\"><\/span><strong>7.- Juillet<\/strong><span class=\"ez-toc-section-end\"><\/span><\/h3>\n<div class=\"su-youtube su-u-responsive-media-yes\"><iframe width=\"700\" height=\"440\" src=\"https:\/\/www.youtube.com\/embed\/Kczm4Jhg5aI?autohide=2&amp;autoplay=0&amp;mute=0&amp;controls=1&amp;fs=1&amp;loop=0&amp;modestbranding=0&amp;rel=1&amp;showinfo=1&amp;theme=dark&amp;wmode=&amp;playsinline=0\" frameborder=\"0\" allowfullscreen allow=\"autoplay; encrypted-media; picture-in-picture\" title=\"\"><\/iframe><\/div>\n<ul>\n<li><strong>1 au 23 juillet:<\/strong> Tour de France.<\/li>\n<li><strong>3 au 16 juillet:<\/strong> Wimbledon<\/li>\n<li><strong>4 juillet:<\/strong> Jour de l\u2019Ind\u00e9pendance des \u00c9tats-Unis<\/li>\n<li><strong>14 juillet:<\/strong> F\u00eate nationale<\/li>\n<li><strong>16 juillet:<\/strong> Journ\u00e9e \u00e0 la m\u00e9moire des victimes des pers\u00e9cutions racistes et antis\u00e9mites<\/li>\n<li><strong>17 juillet:<\/strong> World Emoji Day<\/li>\n<li><strong>21 au 30 juillet:<\/strong> Tomorrowland.<\/li>\n<\/ul>\n<h3><span class=\"ez-toc-section\" id=\"8-_Aout\"><\/span><strong>8.- Ao\u00fbt<\/strong><span class=\"ez-toc-section-end\"><\/span><\/h3>\n<ul>\n<li><strong>8 ao\u00fbt:<\/strong>\u00a0Fin des soldes d\u2019\u00e9t\u00e9<\/li>\n<li><strong>12 ao\u00fbt:<\/strong> Journ\u00e9e internationale de la jeunesse<\/li>\n<li><strong>15 ao\u00fbt:<\/strong> Assomption<\/li>\n<li><strong>27 ao\u00fbt:<\/strong> Journ\u00e9e du cosplay<\/li>\n<li><strong>28 ao\u00fbt:<\/strong> US Open Tennis.<\/li>\n<li><strong>31 ao\u00fbt:<\/strong> Journ\u00e9e internationale de la solidarit\u00e9.<\/li>\n<\/ul>\n<h3><span class=\"ez-toc-section\" id=\"9-_Septembre\"><\/span><strong>9.- Septembre<\/strong><span class=\"ez-toc-section-end\"><\/span><\/h3>\n<div class=\"su-youtube su-u-responsive-media-yes\"><iframe width=\"700\" height=\"440\" src=\"https:\/\/www.youtube.com\/embed\/jwAJyOk21WM?autohide=2&amp;autoplay=0&amp;mute=0&amp;controls=1&amp;fs=1&amp;loop=0&amp;modestbranding=0&amp;rel=1&amp;showinfo=1&amp;theme=dark&amp;wmode=&amp;playsinline=0\" frameborder=\"0\" allowfullscreen allow=\"autoplay; encrypted-media; picture-in-picture\" title=\"\"><\/iframe><\/div>\n<ul>\n<li><strong>4 septembre:<\/strong>\u00a0Rentr\u00e9e scolaire. Le d\u00e9but de l\u2019ann\u00e9e scolaire repr\u00e9sente un point tournant qui d\u00e9tache l\u2019un des moments les plus excitants de l\u2019ann\u00e9e: le dernier quadrimestre de l\u2019ann\u00e9e. Si en juillet et ao\u00fbt tout semble s\u2019arr\u00eater, en septembre on a le sentiment que l\u2019activit\u00e9 devient fr\u00e9n\u00e9tique. Cependant, il y a un facteur important \u00e0 consid\u00e9rer: le vacances r\u00e9duisent le pouvoir d\u2019achat des familles. Donc, pendant ces dates les multinationales lancent leurs campagnes bas\u00e9es sur les rebais de leurs produits.<\/li>\n<li><strong>15 septembre:<\/strong> Journ\u00e9e internationale de la d\u00e9mocratie.<\/li>\n<li><strong>16 septembre:<\/strong> Oktoberfest.<\/li>\n<li><strong>19 septembre:<\/strong> Journ\u00e9e du transport public<\/li>\n<li><strong>21 septembre:<\/strong> Automne.<\/li>\n<li><strong>21 septembre:<\/strong> Journ\u00e9e internationale de la paix.<\/li>\n<li><strong>27 septembre:<\/strong> Journ\u00e9e mondiale du tourisme<\/li>\n<li><strong>28 septembre:<\/strong> Paris fashion week<\/li>\n<\/ul>\n<h3><span class=\"ez-toc-section\" id=\"10-_Octobre\"><\/span><strong>10.- Octobre<\/strong><span class=\"ez-toc-section-end\"><\/span><\/h3>\n<p><img decoding=\"async\" class=\"aligncenter wp-image-26891 size-full\" src=\"https:\/\/www.mdirector.com\/wp-content\/uploads\/2022\/04\/calendario-marketing-halloween-01.jpg\" alt=\"calendario de marketing de 2017: Halloween\" \/><\/p>\n<ul>\n<li><strong>1 octobre:<\/strong> Nuite blanche \/ F\u00eate des grands-p\u00e8res<\/li>\n<li><strong>4 octobre:<\/strong> Journ\u00e9e mondiale des animaux<\/li>\n<li><strong>16 octobre:<\/strong> Journ\u00e9e mondiale de l\u2019alimentation<\/li>\n<li><strong>19 octobre:<\/strong> Foire Internationale d\u2019Art Contemporain<\/li>\n<li><strong>21 octobre:<\/strong>\u00a0Vacances Toussaint<\/li>\n<li><strong>31 octobre:<\/strong> Halloween. Une f\u00eate qui s\u2019est \u00e9tendue dans le monde entier et que plusieurs marques utilisent sagement en utilisant ses ic\u00f4nes.<\/li>\n<\/ul>\n<div class=\"su-youtube su-responsive-media-yes\"><\/div>\n<h3><span class=\"ez-toc-section\" id=\"11-_Novembre\"><\/span><strong>11.- Novembre<\/strong><span class=\"ez-toc-section-end\"><\/span><\/h3>\n<p><img decoding=\"async\" class=\"aligncenter wp-image-26896 size-full\" src=\"https:\/\/www.mdirector.com\/wp-content\/uploads\/2022\/04\/calendario-marketing-black-friday-01.jpg\" alt=\"calendario de marketing de 2017: Black Friday\" \/><\/p>\n<ul>\n<li><strong>1 novembre:<\/strong> Toussaint<\/li>\n<li><strong>1 novembre:<\/strong> Movember<\/li>\n<li><strong>5 novembre:<\/strong> Marathon de New York.<\/li>\n<li><strong>11 novembre:<\/strong> Armistice<\/li>\n<li><strong>20 novembre:<\/strong> Journ\u00e9e de l\u2019enfance.<\/li>\n<li><strong>21 novembre:<\/strong> Journ\u00e9e du jeu vid\u00e9o<\/li>\n<li><strong>24 novembre:<\/strong> Black Friday. Le Black Friday a eu un impact tr\u00e8s fort sur le commerce \u00e9lectronique. La f\u00eate a donn\u00e9 un grand coup de pouce \u00e0 l\u2019e-commerce. Il est en jour pour lequel nous devons nous pr\u00e9parer. C\u2019est \u201cLE\u201d jour des achats et il faut \u00eatre pr\u00e9par\u00e9s. Rappelez-vous que l\u2019email marketing devrait \u00eatre l\u2019un de vos alli\u00e9s sp\u00e9ciaux ces jours-ci.<\/li>\n<li><strong>27 novembre:<\/strong> Cyber Monday.<\/li>\n<\/ul>\n<div class=\"su-youtube su-responsive-media-yes\"><\/div>\n<h3><span class=\"ez-toc-section\" id=\"12-_Decembre\"><\/span><strong>12.- D\u00e9cembre<\/strong><span class=\"ez-toc-section-end\"><\/span><\/h3>\n<div class=\"su-youtube su-responsive-media-yes\"><\/div>\n<ul>\n<li><strong>1 d\u00e9cembre:<\/strong> Journ\u00e9e de la lutte contre le sida<\/li>\n<li><strong>3 d\u00e9cembre:<\/strong> Journ\u00e9e nationale du cin\u00e9ma ind\u00e9pendant<\/li>\n<li><strong>10 d\u00e9cembre:<\/strong> Journ\u00e9e des droits de l\u2019Homme<\/li>\n<li><strong>12 au 20 d\u00e9cembre<\/strong>: Hanukkah.<\/li>\n<li><strong>21 d\u00e9cembre:<\/strong>\u00a0Hiver.<\/li>\n<li><strong>24 et 25 d\u00e9cembre:<\/strong> Veille et No\u00ebl. Pour la plupart des magasins en ligne, la derni\u00e8re strat\u00e9gie de marketing num\u00e9rique de No\u00ebl sera la cl\u00f4ture de l\u2019ann\u00e9e. Et, en fait, elle ferme la p\u00e9riode des achats ouverte avec le Black Friday. No\u00ebl est la p\u00e9riode avec le plus grand volume des ventes de l\u2019ann\u00e9e.<\/li>\n<li><strong>26 d\u00e9cembre:<\/strong> Boxing Day. Une f\u00eate d\u2019achat des cadeaux aux plus d\u00e9munis. Il se c\u00e9l\u00e8bre dans des nombreux pays anglophones.<\/li>\n<li><strong>31 d\u00e9cembre:<\/strong> R\u00e9veillon de la Saint-Sylvestre.<\/li>\n<\/ul>\n<h2><span class=\"ez-toc-section\" id=\"4_pas_pour_ameliorer_votre_calendrier_marketing_2017\"><\/span>4 pas pour am\u00e9liorer votre calendrier marketing 2017<span class=\"ez-toc-section-end\"><\/span><\/h2>\n<p>Les dates sont un point essentiel sur lequel travailler votre strat\u00e9gie de marketing num\u00e9rique. Mais il est aussi important que vous consid\u00e9rez les aspects suivants afin de cr\u00e9er un calendrier marketing 2017 adapt\u00e9 aux besoins de votre marque et vos utilisateurs.<\/p>\n<h3><span class=\"ez-toc-section\" id=\"1-_Tout_depend_de_votre_secteur\"><\/span>1.- Tout d\u00e9pend de votre secteur<span class=\"ez-toc-section-end\"><\/span><\/h3>\n<p>Selon le secteur dans lequel vous travaillez il peut y avoir ventes saisonniers ou des pics de vente \u00e0 certains moments de l\u2019ann\u00e9e. Le calendrier que nous avons d\u00e9fini est tr\u00e8s g\u00e9n\u00e9rique. Donc il faut que vous d\u00e9cidez quelles sont les bonnes dates pour lancer votre strat\u00e9gie de marketing n\u00famerique.<\/p>\n<h3><span class=\"ez-toc-section\" id=\"2-_Planifiez_vos_actions\"><\/span>2.- Planifiez vos actions<span class=\"ez-toc-section-end\"><\/span><\/h3>\n<p>Une fois que vous avez choisi les dates pour lancer vos projets, il sera le temps de planifier toutes vos activit\u00e9s commerciales et de marketing. Il est difficile d\u2019ex\u00e9cuter des campagnes suivies. Par cons\u00e9quent, nous vous recommandons de ne pas avoir plus de deux dates cl\u00e9s par mois. Il vaut mieux que vos activit\u00e9s de marketing soient contr\u00f4l\u00e9es m\u00eame si elles ne sont pas nombreuses.<\/p>\n<h3><span class=\"ez-toc-section\" id=\"3-_Fixez_un_budget\"><\/span>3.- Fixez un budget<span class=\"ez-toc-section-end\"><\/span><\/h3>\n<p>L\u2019objectif des campagnes de marketing n\u2019est pas seulement augmenter les ventes, mais obtenir des avantages. Toutes les actions que vous allez ex\u00e9cuter ont un co\u00fbt: il faut en prendre connaissance avant de commencer!<\/p>\n<h3><span class=\"ez-toc-section\" id=\"4-_Controlez_et_analysez_les_resultats\"><\/span>4.- Contr\u00f4lez et analysez les r\u00e9sultats<span class=\"ez-toc-section-end\"><\/span><\/h3>\n<p>Comme toujours, vous devez savoir si vos plans sont efficaces ou, dans le cas contraire, ce qui a \u00e9chou\u00e9. Vous ne pouvez am\u00e9liorer que ce que vous mesurez. Donc choisissez le dates importantes mais surtout les indicateurs que vous allez utiliser pour mesurer vos actions.<\/p>\n<p>Plusieurs marques utilisent tous les canaux marketing et des outils appropri\u00e9s pour atteindre leurs objectifs. Par cons\u00e9quent, il est pr\u00e9f\u00e9rable de commencer planifier l\u2019ann\u00e9e le plut t\u00f4t possible. De cette fa\u00e7on vous pouvez mettre en \u0153uvre des strat\u00e9gies appropri\u00e9es. \u00c9tudiez et analysez en d\u00e9taille.<\/p>\n<p>Ce ne sont que des lignes directrices de base sur lequel b\u00e2tir vos strat\u00e9gies de marketing num\u00e9rique pour l\u2019ann\u00e9e prochaine. Toutefois, <strong>un calendrier marketing 2017 est seulement un outil qui devrait \u00eatre compl\u00e9t\u00e9 par l\u2019utilisation d\u2019<a href=\"https:\/\/www.mdirector.com\/fr\/?origin=WEB_blog_FR_calendrier_marketing_2017\" target=\"_blank\" rel=\"noopener\">outils de marketing professionnel<\/a>.<\/strong><\/p>\n<p>Pr\u00eats \u00e0 travailler tous les <a href=\"https:\/\/www.mdirector.com\/fr\/mdirector-contact\/?origin=WEB_blog_FR_calendrier_marketing_2017\" target=\"_blank\" rel=\"noopener\">canaux n\u00fameriques avec un seule plateforme<\/a>? Essayez <strong>MDirector<\/strong> et vous pourrez maximizer les r\u00e9sultats de votre calendrier marketing 2017.<\/p>\n","protected":false},"excerpt":{"rendered":"<p>Une nouvelle ann\u00e9e qui commence: c\u2019est le bon moment pour ins\u00e9rer dans notre calendrier marketing 2017 nos nouveaux projets. Parmi vos r\u00e9solutions du Nouvel An il y aura surement la croissance de votre entreprise et [&hellip;]<\/p>\n","protected":false},"author":2,"featured_media":33811,"comment_status":"open","ping_status":"open","sticky":false,"template":"","format":"standard","meta":{"_lmt_disableupdate":"","_lmt_disable":"","rating_form_position":"","rating_results_position":"","mr_structured_data_type":"","footnotes":""},"categories":[1896],"tags":[],"class_list":["post-116940","post","type-post","status-publish","format-standard","has-post-thumbnail","hentry","category-marketing-digital"],"acf":[],"yoast_head":"<!-- This site is optimized with the Yoast SEO plugin v25.3 - https:\/\/yoast.com\/wordpress\/plugins\/seo\/ -->\n<title>Calendrier 2017 des dates importantes pour votre plan de marketing<\/title>\n<meta name=\"description\" content=\"Une nouvelle ann\u00e9e qui commence: c\u2019est le bon moment pour ins\u00e9rer dans notre calendrier marketing 2017 nos nouveaux projets. Parmi vos r\u00e9solutions du\" \/>\n<meta name=\"robots\" content=\"noindex, nofollow\" \/>\n<meta property=\"og:locale\" content=\"fr_FR\" \/>\n<meta property=\"og:type\" content=\"article\" \/>\n<meta property=\"og:title\" content=\"Calendrier 2017 des dates importantes pour votre plan de marketing\" \/>\n<meta property=\"og:description\" content=\"Une nouvelle ann\u00e9e qui commence: c\u2019est le bon moment pour ins\u00e9rer dans notre calendrier marketing 2017 nos nouveaux projets. Parmi vos r\u00e9solutions du\" \/>\n<meta property=\"og:url\" content=\"https:\/\/www.mdirector.com\/fr\/blog\/calendrier-2017-pour-votre-plan-marketing\/\" \/>\n<meta property=\"og:site_name\" content=\"MDirector\" \/>\n<meta property=\"article:publisher\" content=\"https:\/\/www.facebook.com\/MDirector.es\" \/>\n<meta property=\"article:published_time\" content=\"2017-01-02T23:00:00+00:00\" \/>\n<meta property=\"article:modified_time\" content=\"2022-05-09T07:10:26+00:00\" \/>\n<meta property=\"og:image\" content=\"https:\/\/www.mdirector.com\/wp-content\/uploads\/2022\/04\/base-calendario.jpg\" \/>\n\t<meta property=\"og:image:width\" content=\"653\" \/>\n\t<meta property=\"og:image:height\" content=\"493\" \/>\n\t<meta property=\"og:image:type\" content=\"image\/jpeg\" \/>\n<meta name=\"author\" content=\"NewsMDirector\" \/>\n<meta name=\"twitter:card\" content=\"summary_large_image\" \/>\n<meta name=\"twitter:creator\" content=\"@emailMDirector\" \/>\n<meta name=\"twitter:site\" content=\"@emailMDirector\" \/>\n<meta name=\"twitter:label1\" content=\"\u00c9crit par\" \/>\n\t<meta name=\"twitter:data1\" content=\"NewsMDirector\" \/>\n\t<meta name=\"twitter:label2\" content=\"Dur\u00e9e de lecture estim\u00e9e\" \/>\n\t<meta name=\"twitter:data2\" content=\"10 minutes\" \/>\n<script type=\"application\/ld+json\" class=\"yoast-schema-graph\">{\"@context\":\"https:\/\/schema.org\",\"@graph\":[{\"@type\":\"Article\",\"@id\":\"https:\/\/www.mdirector.com\/fr\/blog\/calendrier-2017-pour-votre-plan-marketing\/#article\",\"isPartOf\":{\"@id\":\"https:\/\/www.mdirector.com\/fr\/blog\/calendrier-2017-pour-votre-plan-marketing\/\"},\"author\":{\"name\":\"NewsMDirector\",\"@id\":\"https:\/\/www.mdirector.com\/fr\/#\/schema\/person\/d91d62ca88afe0ab43d79d7fadc367b5\"},\"headline\":\"Calendrier 2017 des dates importantes pour votre plan de marketing\",\"datePublished\":\"2017-01-02T23:00:00+00:00\",\"dateModified\":\"2022-05-09T07:10:26+00:00\",\"mainEntityOfPage\":{\"@id\":\"https:\/\/www.mdirector.com\/fr\/blog\/calendrier-2017-pour-votre-plan-marketing\/\"},\"wordCount\":1982,\"commentCount\":0,\"publisher\":{\"@id\":\"https:\/\/www.mdirector.com\/fr\/#organization\"},\"image\":{\"@id\":\"https:\/\/www.mdirector.com\/fr\/blog\/calendrier-2017-pour-votre-plan-marketing\/#primaryimage\"},\"thumbnailUrl\":\"https:\/\/www.mdirector.com\/wp-content\/uploads\/2022\/04\/base-calendario.jpg\",\"articleSection\":[\"Marketing Digital\"],\"inLanguage\":\"fr-FR\",\"potentialAction\":[{\"@type\":\"CommentAction\",\"name\":\"Comment\",\"target\":[\"https:\/\/www.mdirector.com\/fr\/blog\/calendrier-2017-pour-votre-plan-marketing\/#respond\"]}]},{\"@type\":\"WebPage\",\"@id\":\"https:\/\/www.mdirector.com\/fr\/blog\/calendrier-2017-pour-votre-plan-marketing\/\",\"url\":\"https:\/\/www.mdirector.com\/fr\/blog\/calendrier-2017-pour-votre-plan-marketing\/\",\"name\":\"Calendrier 2017 des dates importantes pour votre plan de marketing\",\"isPartOf\":{\"@id\":\"https:\/\/www.mdirector.com\/fr\/#website\"},\"primaryImageOfPage\":{\"@id\":\"https:\/\/www.mdirector.com\/fr\/blog\/calendrier-2017-pour-votre-plan-marketing\/#primaryimage\"},\"image\":{\"@id\":\"https:\/\/www.mdirector.com\/fr\/blog\/calendrier-2017-pour-votre-plan-marketing\/#primaryimage\"},\"thumbnailUrl\":\"https:\/\/www.mdirector.com\/wp-content\/uploads\/2022\/04\/base-calendario.jpg\",\"datePublished\":\"2017-01-02T23:00:00+00:00\",\"dateModified\":\"2022-05-09T07:10:26+00:00\",\"description\":\"Une nouvelle ann\u00e9e qui commence: c\u2019est le bon moment pour ins\u00e9rer dans notre calendrier marketing 2017 nos nouveaux projets. Parmi vos r\u00e9solutions du\",\"breadcrumb\":{\"@id\":\"https:\/\/www.mdirector.com\/fr\/blog\/calendrier-2017-pour-votre-plan-marketing\/#breadcrumb\"},\"inLanguage\":\"fr-FR\",\"potentialAction\":[{\"@type\":\"ReadAction\",\"target\":[\"https:\/\/www.mdirector.com\/fr\/blog\/calendrier-2017-pour-votre-plan-marketing\/\"]}]},{\"@type\":\"ImageObject\",\"inLanguage\":\"fr-FR\",\"@id\":\"https:\/\/www.mdirector.com\/fr\/blog\/calendrier-2017-pour-votre-plan-marketing\/#primaryimage\",\"url\":\"https:\/\/www.mdirector.com\/wp-content\/uploads\/2022\/04\/base-calendario.jpg\",\"contentUrl\":\"https:\/\/www.mdirector.com\/wp-content\/uploads\/2022\/04\/base-calendario.jpg\",\"width\":653,\"height\":493},{\"@type\":\"BreadcrumbList\",\"@id\":\"https:\/\/www.mdirector.com\/fr\/blog\/calendrier-2017-pour-votre-plan-marketing\/#breadcrumb\",\"itemListElement\":[{\"@type\":\"ListItem\",\"position\":1,\"name\":\"Inicio\",\"item\":\"https:\/\/www.mdirector.com\/fr\/\"},{\"@type\":\"ListItem\",\"position\":2,\"name\":\"Calendrier 2017 des dates importantes pour votre plan de marketing\"}]},{\"@type\":\"WebSite\",\"@id\":\"https:\/\/www.mdirector.com\/fr\/#website\",\"url\":\"https:\/\/www.mdirector.com\/fr\/\",\"name\":\"MDirector\",\"description\":\"\",\"publisher\":{\"@id\":\"https:\/\/www.mdirector.com\/fr\/#organization\"},\"potentialAction\":[{\"@type\":\"SearchAction\",\"target\":{\"@type\":\"EntryPoint\",\"urlTemplate\":\"https:\/\/www.mdirector.com\/fr\/?s={search_term_string}\"},\"query-input\":{\"@type\":\"PropertyValueSpecification\",\"valueRequired\":true,\"valueName\":\"search_term_string\"}}],\"inLanguage\":\"fr-FR\"},{\"@type\":\"Organization\",\"@id\":\"https:\/\/www.mdirector.com\/fr\/#organization\",\"name\":\"MDirector\",\"url\":\"https:\/\/www.mdirector.com\/fr\/\",\"logo\":{\"@type\":\"ImageObject\",\"inLanguage\":\"fr-FR\",\"@id\":\"https:\/\/www.mdirector.com\/fr\/#\/schema\/logo\/image\/\",\"url\":\"https:\/\/www.mdirector.com\/wp-content\/uploads\/2023\/01\/mdirectorbimi-ok23-tiny-ps.svg\",\"contentUrl\":\"https:\/\/www.mdirector.com\/wp-content\/uploads\/2023\/01\/mdirectorbimi-ok23-tiny-ps.svg\",\"width\":401,\"height\":401,\"caption\":\"MDirector\"},\"image\":{\"@id\":\"https:\/\/www.mdirector.com\/fr\/#\/schema\/logo\/image\/\"},\"sameAs\":[\"https:\/\/www.facebook.com\/MDirector.es\",\"https:\/\/x.com\/emailMDirector\",\"https:\/\/www.linkedin.com\/company\/1373906\/\"]},{\"@type\":\"Person\",\"@id\":\"https:\/\/www.mdirector.com\/fr\/#\/schema\/person\/d91d62ca88afe0ab43d79d7fadc367b5\",\"name\":\"NewsMDirector\",\"image\":{\"@type\":\"ImageObject\",\"inLanguage\":\"fr-FR\",\"@id\":\"https:\/\/www.mdirector.com\/fr\/#\/schema\/person\/image\/\",\"url\":\"https:\/\/secure.gravatar.com\/avatar\/56aaa057e6c30e70ef9a4db165a17832a7661affd8b3677bf17f63d57e8adf60?s=96&d=mm&r=g\",\"contentUrl\":\"https:\/\/secure.gravatar.com\/avatar\/56aaa057e6c30e70ef9a4db165a17832a7661affd8b3677bf17f63d57e8adf60?s=96&d=mm&r=g\",\"caption\":\"NewsMDirector\"},\"description\":\"Equipo de Redacci\u00f3n de MDirector\",\"sameAs\":[\"https:\/\/www.linkedin.com\/company\/1373906\"],\"url\":\"https:\/\/www.mdirector.com\/fr\/author\/newsmdirector\/\"}]}<\/script>\n<!-- \/ Yoast SEO plugin. -->","yoast_head_json":{"title":"Calendrier 2017 des dates importantes pour votre plan de marketing","description":"Une nouvelle ann\u00e9e qui commence: c\u2019est le bon moment pour ins\u00e9rer dans notre calendrier marketing 2017 nos nouveaux projets. Parmi vos r\u00e9solutions du","robots":{"index":"noindex","follow":"nofollow"},"og_locale":"fr_FR","og_type":"article","og_title":"Calendrier 2017 des dates importantes pour votre plan de marketing","og_description":"Une nouvelle ann\u00e9e qui commence: c\u2019est le bon moment pour ins\u00e9rer dans notre calendrier marketing 2017 nos nouveaux projets. Parmi vos r\u00e9solutions du","og_url":"https:\/\/www.mdirector.com\/fr\/blog\/calendrier-2017-pour-votre-plan-marketing\/","og_site_name":"MDirector","article_publisher":"https:\/\/www.facebook.com\/MDirector.es","article_published_time":"2017-01-02T23:00:00+00:00","article_modified_time":"2022-05-09T07:10:26+00:00","og_image":[{"width":653,"height":493,"url":"https:\/\/www.mdirector.com\/wp-content\/uploads\/2022\/04\/base-calendario.jpg","type":"image\/jpeg"}],"author":"NewsMDirector","twitter_card":"summary_large_image","twitter_creator":"@emailMDirector","twitter_site":"@emailMDirector","twitter_misc":{"\u00c9crit par":"NewsMDirector","Dur\u00e9e de lecture estim\u00e9e":"10 minutes"},"schema":{"@context":"https:\/\/schema.org","@graph":[{"@type":"Article","@id":"https:\/\/www.mdirector.com\/fr\/blog\/calendrier-2017-pour-votre-plan-marketing\/#article","isPartOf":{"@id":"https:\/\/www.mdirector.com\/fr\/blog\/calendrier-2017-pour-votre-plan-marketing\/"},"author":{"name":"NewsMDirector","@id":"https:\/\/www.mdirector.com\/fr\/#\/schema\/person\/d91d62ca88afe0ab43d79d7fadc367b5"},"headline":"Calendrier 2017 des dates importantes pour votre plan de marketing","datePublished":"2017-01-02T23:00:00+00:00","dateModified":"2022-05-09T07:10:26+00:00","mainEntityOfPage":{"@id":"https:\/\/www.mdirector.com\/fr\/blog\/calendrier-2017-pour-votre-plan-marketing\/"},"wordCount":1982,"commentCount":0,"publisher":{"@id":"https:\/\/www.mdirector.com\/fr\/#organization"},"image":{"@id":"https:\/\/www.mdirector.com\/fr\/blog\/calendrier-2017-pour-votre-plan-marketing\/#primaryimage"},"thumbnailUrl":"https:\/\/www.mdirector.com\/wp-content\/uploads\/2022\/04\/base-calendario.jpg","articleSection":["Marketing Digital"],"inLanguage":"fr-FR","potentialAction":[{"@type":"CommentAction","name":"Comment","target":["https:\/\/www.mdirector.com\/fr\/blog\/calendrier-2017-pour-votre-plan-marketing\/#respond"]}]},{"@type":"WebPage","@id":"https:\/\/www.mdirector.com\/fr\/blog\/calendrier-2017-pour-votre-plan-marketing\/","url":"https:\/\/www.mdirector.com\/fr\/blog\/calendrier-2017-pour-votre-plan-marketing\/","name":"Calendrier 2017 des dates importantes pour votre plan de marketing","isPartOf":{"@id":"https:\/\/www.mdirector.com\/fr\/#website"},"primaryImageOfPage":{"@id":"https:\/\/www.mdirector.com\/fr\/blog\/calendrier-2017-pour-votre-plan-marketing\/#primaryimage"},"image":{"@id":"https:\/\/www.mdirector.com\/fr\/blog\/calendrier-2017-pour-votre-plan-marketing\/#primaryimage"},"thumbnailUrl":"https:\/\/www.mdirector.com\/wp-content\/uploads\/2022\/04\/base-calendario.jpg","datePublished":"2017-01-02T23:00:00+00:00","dateModified":"2022-05-09T07:10:26+00:00","description":"Une nouvelle ann\u00e9e qui commence: c\u2019est le bon moment pour ins\u00e9rer dans notre calendrier marketing 2017 nos nouveaux projets. Parmi vos r\u00e9solutions du","breadcrumb":{"@id":"https:\/\/www.mdirector.com\/fr\/blog\/calendrier-2017-pour-votre-plan-marketing\/#breadcrumb"},"inLanguage":"fr-FR","potentialAction":[{"@type":"ReadAction","target":["https:\/\/www.mdirector.com\/fr\/blog\/calendrier-2017-pour-votre-plan-marketing\/"]}]},{"@type":"ImageObject","inLanguage":"fr-FR","@id":"https:\/\/www.mdirector.com\/fr\/blog\/calendrier-2017-pour-votre-plan-marketing\/#primaryimage","url":"https:\/\/www.mdirector.com\/wp-content\/uploads\/2022\/04\/base-calendario.jpg","contentUrl":"https:\/\/www.mdirector.com\/wp-content\/uploads\/2022\/04\/base-calendario.jpg","width":653,"height":493},{"@type":"BreadcrumbList","@id":"https:\/\/www.mdirector.com\/fr\/blog\/calendrier-2017-pour-votre-plan-marketing\/#breadcrumb","itemListElement":[{"@type":"ListItem","position":1,"name":"Inicio","item":"https:\/\/www.mdirector.com\/fr\/"},{"@type":"ListItem","position":2,"name":"Calendrier 2017 des dates importantes pour votre plan de marketing"}]},{"@type":"WebSite","@id":"https:\/\/www.mdirector.com\/fr\/#website","url":"https:\/\/www.mdirector.com\/fr\/","name":"MDirector","description":"","publisher":{"@id":"https:\/\/www.mdirector.com\/fr\/#organization"},"potentialAction":[{"@type":"SearchAction","target":{"@type":"EntryPoint","urlTemplate":"https:\/\/www.mdirector.com\/fr\/?s={search_term_string}"},"query-input":{"@type":"PropertyValueSpecification","valueRequired":true,"valueName":"search_term_string"}}],"inLanguage":"fr-FR"},{"@type":"Organization","@id":"https:\/\/www.mdirector.com\/fr\/#organization","name":"MDirector","url":"https:\/\/www.mdirector.com\/fr\/","logo":{"@type":"ImageObject","inLanguage":"fr-FR","@id":"https:\/\/www.mdirector.com\/fr\/#\/schema\/logo\/image\/","url":"https:\/\/www.mdirector.com\/wp-content\/uploads\/2023\/01\/mdirectorbimi-ok23-tiny-ps.svg","contentUrl":"https:\/\/www.mdirector.com\/wp-content\/uploads\/2023\/01\/mdirectorbimi-ok23-tiny-ps.svg","width":401,"height":401,"caption":"MDirector"},"image":{"@id":"https:\/\/www.mdirector.com\/fr\/#\/schema\/logo\/image\/"},"sameAs":["https:\/\/www.facebook.com\/MDirector.es","https:\/\/x.com\/emailMDirector","https:\/\/www.linkedin.com\/company\/1373906\/"]},{"@type":"Person","@id":"https:\/\/www.mdirector.com\/fr\/#\/schema\/person\/d91d62ca88afe0ab43d79d7fadc367b5","name":"NewsMDirector","image":{"@type":"ImageObject","inLanguage":"fr-FR","@id":"https:\/\/www.mdirector.com\/fr\/#\/schema\/person\/image\/","url":"https:\/\/secure.gravatar.com\/avatar\/56aaa057e6c30e70ef9a4db165a17832a7661affd8b3677bf17f63d57e8adf60?s=96&d=mm&r=g","contentUrl":"https:\/\/secure.gravatar.com\/avatar\/56aaa057e6c30e70ef9a4db165a17832a7661affd8b3677bf17f63d57e8adf60?s=96&d=mm&r=g","caption":"NewsMDirector"},"description":"Equipo de Redacci\u00f3n de MDirector","sameAs":["https:\/\/www.linkedin.com\/company\/1373906"],"url":"https:\/\/www.mdirector.com\/fr\/author\/newsmdirector\/"}]}},"modified_by":null,"multi-rating":{"mr_rating_results":[]},"amp_enabled":true,"_links":{"self":[{"href":"https:\/\/www.mdirector.com\/fr\/wp-json\/wp\/v2\/posts\/116940","targetHints":{"allow":["GET"]}}],"collection":[{"href":"https:\/\/www.mdirector.com\/fr\/wp-json\/wp\/v2\/posts"}],"about":[{"href":"https:\/\/www.mdirector.com\/fr\/wp-json\/wp\/v2\/types\/post"}],"author":[{"embeddable":true,"href":"https:\/\/www.mdirector.com\/fr\/wp-json\/wp\/v2\/users\/2"}],"replies":[{"embeddable":true,"href":"https:\/\/www.mdirector.com\/fr\/wp-json\/wp\/v2\/comments?post=116940"}],"version-history":[{"count":0,"href":"https:\/\/www.mdirector.com\/fr\/wp-json\/wp\/v2\/posts\/116940\/revisions"}],"wp:featuredmedia":[{"embeddable":true,"href":"https:\/\/www.mdirector.com\/fr\/wp-json\/wp\/v2\/media\/33811"}],"wp:attachment":[{"href":"https:\/\/www.mdirector.com\/fr\/wp-json\/wp\/v2\/media?parent=116940"}],"wp:term":[{"taxonomy":"category","embeddable":true,"href":"https:\/\/www.mdirector.com\/fr\/wp-json\/wp\/v2\/categories?post=116940"},{"taxonomy":"post_tag","embeddable":true,"href":"https:\/\/www.mdirector.com\/fr\/wp-json\/wp\/v2\/tags?post=116940"}],"curies":[{"name":"wp","href":"https:\/\/api.w.org\/{rel}","templated":true}]}}