{"id":119669,"date":"2017-01-03T00:00:00","date_gmt":"2017-01-02T23:00:00","guid":{"rendered":"https:\/\/www.mdirector.com\/2017\/01\/13\/calendario-2017-per-il-tuo-piano-di-marketing\/"},"modified":"2022-04-19T13:55:13","modified_gmt":"2022-04-19T11:55:13","slug":"calendario-marketing-2017","status":"publish","type":"post","link":"https:\/\/www.mdirector.com\/it\/blog\/calendario-marketing-2017\/","title":{"rendered":"Calendario 2017 per il tuo piano di marketing"},"content":{"rendered":"<div style=\"margin-top: 0px; margin-bottom: 0px;\" class=\"sharethis-inline-share-buttons\" ><\/div><p><link rel=\"preload\" as=\"image\" href=\"https:\/\/www.mdirector.com\/wp-content\/uploads\/2022\/04\/calendario-2017-it.jpg\" imagesizes=\"(max-width: 1100px) 100vw, 1100px\" \/><img decoding=\"async\" class=\"aligncenter size-full wp-image-39188\" src=\"https:\/\/www.mdirector.com\/wp-content\/uploads\/2022\/04\/calendario-2017-it.jpg\" alt=\"\" \/><\/p>\n<p>Da pochi giorni siamo entrati nel 2017; questo \u00e8<strong> il momento migliore per analizzare il piano di marketing<\/strong>. Sicuramente i tuoi propositi saranno quelli di far crescere il tuo business e centrare i nuovi obiettivi.<\/p>\n<p>Per aiutarti, ti proponiamo alcune date da tenere in considerazione per il tuo piano di marketing per il 2017. Uno strumento perfetto per non farti trovare impreparato nelle date pi\u00f9 importanti di questo nuovo anno.<\/p>\n<p>Come saprai, una buona pianificazione \u00e8 essenziale per riscuotere successo dalle tue campagne. Se vuoi che il 2017 sia proficuo, ti consigliamo di iniziare a organizzare le azioni da concretizzare nei prossimi mesi. Un responsabile marketing deve essere preparato durante tutto l\u2019anno per l\u2019arrivo delle date pi\u00f9 importanti: quelle che attivano i clienti e danno l\u2019opportunit\u00e0 di aumentare le vendite.<\/p>\n<p>Il calendario marketing del 2017 \u00e8 uno dei migliori strumenti che <strong>ti permetter\u00e0 di pianificare, ridurre i costi e preparare alternative per ogni evenienza<\/strong>. Di seguito elenchiamo una serie di date che ti permetteranno di aumentare le tue vendite.<\/p>\n<div id=\"ez-toc-container\" class=\"ez-toc-v2_0_74 counter-hierarchy ez-toc-counter ez-toc-grey ez-toc-container-direction\">\n<div class=\"ez-toc-title-container\">\n<p class=\"ez-toc-title\" style=\"cursor:inherit\">INDICE DEI CONTENUTI<\/p>\n<span class=\"ez-toc-title-toggle\"><\/span><\/div>\n<nav><ul class='ez-toc-list ez-toc-list-level-1 ' ><li class='ez-toc-page-1 ez-toc-heading-level-2'><a class=\"ez-toc-link ez-toc-heading-1\" href=\"https:\/\/www.mdirector.com\/it\/blog\/calendario-marketing-2017\/#Calendario_marketing_del_2017\" >Calendario marketing del 2017<\/a><ul class='ez-toc-list-level-3' ><li class='ez-toc-heading-level-3'><a class=\"ez-toc-link ez-toc-heading-2\" href=\"https:\/\/www.mdirector.com\/it\/blog\/calendario-marketing-2017\/#1-_Gennaio\" >1.-  Gennaio<\/a><\/li><li class='ez-toc-page-1 ez-toc-heading-level-3'><a class=\"ez-toc-link ez-toc-heading-3\" href=\"https:\/\/www.mdirector.com\/it\/blog\/calendario-marketing-2017\/#2-_Febbraio\" >2.- Febbraio<\/a><\/li><li class='ez-toc-page-1 ez-toc-heading-level-3'><a class=\"ez-toc-link ez-toc-heading-4\" href=\"https:\/\/www.mdirector.com\/it\/blog\/calendario-marketing-2017\/#3-_Marzo\" >3.- Marzo<\/a><\/li><li class='ez-toc-page-1 ez-toc-heading-level-3'><a class=\"ez-toc-link ez-toc-heading-5\" href=\"https:\/\/www.mdirector.com\/it\/blog\/calendario-marketing-2017\/#4-_Aprile\" >4.- Aprile<\/a><\/li><li class='ez-toc-page-1 ez-toc-heading-level-3'><a class=\"ez-toc-link ez-toc-heading-6\" href=\"https:\/\/www.mdirector.com\/it\/blog\/calendario-marketing-2017\/#5-_Maggio\" >5.- Maggio<\/a><\/li><li class='ez-toc-page-1 ez-toc-heading-level-3'><a class=\"ez-toc-link ez-toc-heading-7\" href=\"https:\/\/www.mdirector.com\/it\/blog\/calendario-marketing-2017\/#6-_Giugno\" >6.- Giugno<\/a><\/li><li class='ez-toc-page-1 ez-toc-heading-level-3'><a class=\"ez-toc-link ez-toc-heading-8\" href=\"https:\/\/www.mdirector.com\/it\/blog\/calendario-marketing-2017\/#7-_Luglio\" >7.- Luglio<\/a><\/li><li class='ez-toc-page-1 ez-toc-heading-level-3'><a class=\"ez-toc-link ez-toc-heading-9\" href=\"https:\/\/www.mdirector.com\/it\/blog\/calendario-marketing-2017\/#8-_Agosto\" >8.- Agosto<\/a><\/li><li class='ez-toc-page-1 ez-toc-heading-level-3'><a class=\"ez-toc-link ez-toc-heading-10\" href=\"https:\/\/www.mdirector.com\/it\/blog\/calendario-marketing-2017\/#9-_Settembre\" >9.- Settembre<\/a><\/li><li class='ez-toc-page-1 ez-toc-heading-level-3'><a class=\"ez-toc-link ez-toc-heading-11\" href=\"https:\/\/www.mdirector.com\/it\/blog\/calendario-marketing-2017\/#10-_Ottobre\" >10.- Ottobre<\/a><\/li><li class='ez-toc-page-1 ez-toc-heading-level-3'><a class=\"ez-toc-link ez-toc-heading-12\" href=\"https:\/\/www.mdirector.com\/it\/blog\/calendario-marketing-2017\/#11-_Novembre\" >11.- Novembre<\/a><\/li><li class='ez-toc-page-1 ez-toc-heading-level-3'><a class=\"ez-toc-link ez-toc-heading-13\" href=\"https:\/\/www.mdirector.com\/it\/blog\/calendario-marketing-2017\/#12-_Dicembre\" >12.- Dicembre<\/a><\/li><\/ul><\/li><li class='ez-toc-page-1 ez-toc-heading-level-2'><a class=\"ez-toc-link ez-toc-heading-14\" href=\"https:\/\/www.mdirector.com\/it\/blog\/calendario-marketing-2017\/#4_passi_per_organizzare_il_tuo_marketing_2017\" >4 passi per organizzare il tuo marketing 2017<\/a><ul class='ez-toc-list-level-3' ><li class='ez-toc-heading-level-3'><a class=\"ez-toc-link ez-toc-heading-15\" href=\"https:\/\/www.mdirector.com\/it\/blog\/calendario-marketing-2017\/#1-_Tutto_dipende_dal_tuo_settore\" >1.- Tutto dipende dal tuo settore<\/a><\/li><li class='ez-toc-page-1 ez-toc-heading-level-3'><a class=\"ez-toc-link ez-toc-heading-16\" href=\"https:\/\/www.mdirector.com\/it\/blog\/calendario-marketing-2017\/#2-_Pianifica_le_tue_azioni\" >2.- Pianifica le tue azioni<\/a><\/li><li class='ez-toc-page-1 ez-toc-heading-level-3'><a class=\"ez-toc-link ez-toc-heading-17\" href=\"https:\/\/www.mdirector.com\/it\/blog\/calendario-marketing-2017\/#3-_Fissa_il_tuo_budget\" >3.- Fissa il tuo budget<\/a><\/li><li class='ez-toc-page-1 ez-toc-heading-level-3'><a class=\"ez-toc-link ez-toc-heading-18\" href=\"https:\/\/www.mdirector.com\/it\/blog\/calendario-marketing-2017\/#4-_Calcola_e_analizza_i_tuoi_risultati\" >4.- Calcola e analizza i tuoi risultati<\/a><\/li><\/ul><\/li><\/ul><\/nav><\/div>\n<h2><span class=\"ez-toc-section\" id=\"Calendario_marketing_del_2017\"><\/span>Calendario marketing del 2017<span class=\"ez-toc-section-end\"><\/span><\/h2>\n<h3><span class=\"ez-toc-section\" id=\"1-_Gennaio\"><\/span><strong>1.- <\/strong><strong> Gennaio<\/strong><span class=\"ez-toc-section-end\"><\/span><\/h3>\n<div class=\"su-youtube su-u-responsive-media-yes\"><iframe width=\"700\" height=\"440\" src=\"https:\/\/www.youtube.com\/embed\/eZkeaM3JxJs?autohide=2&amp;autoplay=0&amp;mute=0&amp;controls=1&amp;fs=1&amp;loop=0&amp;modestbranding=0&amp;rel=1&amp;showinfo=1&amp;theme=dark&amp;wmode=&amp;playsinline=0\" frameborder=\"0\" allowfullscreen allow=\"autoplay; encrypted-media; picture-in-picture\" title=\"\"><\/iframe><\/div>\n<ul>\n<li><strong>1 Gennaio:<\/strong> Anno nuovo \u2013 Giornata mondiale per la pace<\/li>\n<li><strong>6 Gennaio:<\/strong> Epifania. Molti sconsigliano la giornata della Befana per lanciare una campagna, ma non sanno che se viene pianificata con anticipo sar\u00e0 un successo. Per esempio, Iberia riusc\u00ec ad avere un buon risultato con un simpatico annuncio che giocava tra l\u2019illusione e l\u2019immaginazione dei pi\u00f9 piccoli. Si originale e avrai successo!!! Nel giorno dell\u2019Epifania vengano fatti molti regali: devi solo essere percepito come un\u2019opzione in pi\u00f9 per i tuoi clienti.<\/li>\n<li><strong>7 Gennaio:<\/strong> Inizio dei Saldi. In questi giorni i negozi fisici come quelli online si affollano. In effetti, molte persone (come me) aspettano che passino il Natale e l\u2019Epifania per acquistare a prezzi pi\u00f9 vantaggiosi. Approfitta di questi giorni per essere pi\u00f9 competitivo<\/li>\n<li><strong>15 Gennaio:<\/strong> Giornata Mondiale della neve.<\/li>\n<li><strong>23 Gennaio:<\/strong> Giornata del Community Manager. Una giornata che viene celebrata a livello mondiale il 4\u00b0 Luned\u00ec di Gennaio.<\/li>\n<li><strong>27 Gennaio:<\/strong> Giorno della Memoria (Shoah)<\/li>\n<li><strong>28 Gennaio:<\/strong> Capodanno Cinese.<\/li>\n<li><strong>28 Gennaio:<\/strong> Giornata della protezione dei dati.<\/li>\n<\/ul>\n<h3><span class=\"ez-toc-section\" id=\"2-_Febbraio\"><\/span><strong>2.- Febbraio<\/strong><span class=\"ez-toc-section-end\"><\/span><\/h3>\n<div class=\"su-youtube su-u-responsive-media-yes\"><iframe width=\"700\" height=\"440\" src=\"https:\/\/www.youtube.com\/embed\/mmF61zh8YL0?autohide=2&amp;autoplay=0&amp;mute=0&amp;controls=1&amp;fs=1&amp;loop=0&amp;modestbranding=0&amp;rel=1&amp;showinfo=1&amp;theme=dark&amp;wmode=&amp;playsinline=0\" frameborder=\"0\" allowfullscreen allow=\"autoplay; encrypted-media; picture-in-picture\" title=\"\"><\/iframe><\/div>\n<p>\u00a0<\/p>\n<ul>\n<li><strong>4 Febbraio:<\/strong> Giornata mondiale contro il cancro.<\/li>\n<li><strong>5 Febbraio:<\/strong> Giornata mondiale per la vita &#8211; Superbowl. Il giorno preferito negli Stati Uniti da molte marche per promuovere i loro prodotti. \u2013 Giornata Mondiale della Nutella<\/li>\n<li><strong>7 Febbraio:<\/strong> Giornata Mondiale per la Sicurezza in Rete (\u201cSafer Internet Day\u201d)<\/li>\n<li><strong>13 Febbraio:<\/strong> Giornata dei single<\/li>\n<li><strong>14 Febbraio:<\/strong> San Valentino. Heineken volle mettere alla prova l\u2019uomo nelle relazioni con una scatola che nascondeva \u201cun appuntamento misterioso\u201d. L\u2019obiettivo della campagna era motivare gli uomini a esprimere il loro amore su internet. Per aprire la scatola e scoprire il regalo, bisognava pubblicare i propri sentimenti menzionando Heineken e usando l\u2019hashtag <a href=\"https:\/\/www.instagram.com\/explore\/tags\/dateinabox\/\" target=\"_blank\" rel=\"noopener\">#DateInABox<\/a>. Heineken ottenne risultati molto positivi e riusc\u00ec a sorprendere tutti.<\/li>\n<li><strong>26 Febbraio:<\/strong> Carnevale<\/li>\n<li><strong>26 Febbraio:<\/strong> Gala degli Oscar.<\/li>\n<li><strong>28 Febbraio:<\/strong> Fine dei Saldi<\/li>\n<\/ul>\n<h3><span class=\"ez-toc-section\" id=\"3-_Marzo\"><\/span><strong>3.- Marzo<\/strong><span class=\"ez-toc-section-end\"><\/span><\/h3>\n<div class=\"su-youtube su-u-responsive-media-yes\"><iframe width=\"700\" height=\"440\" src=\"https:\/\/www.youtube.com\/embed\/lJWQ7ENR0Bc?autohide=2&amp;autoplay=0&amp;mute=0&amp;controls=1&amp;fs=1&amp;loop=0&amp;modestbranding=0&amp;rel=1&amp;showinfo=1&amp;theme=dark&amp;wmode=&amp;playsinline=0\" frameborder=\"0\" allowfullscreen allow=\"autoplay; encrypted-media; picture-in-picture\" title=\"\"><\/iframe><\/div>\n<ul>\n<li><strong>8 Marzo:<\/strong> Giornata internazionale della donna.<\/li>\n<li><strong>15 Marzo:<\/strong> Giornata mondiale dei diritti del consumatore.<\/li>\n<li><strong>17 Marzo:<\/strong> St Patrick\u2019s Day. Una delle principali feste a livello mondiale, di origine Irlandese.<\/li>\n<li><strong>17 Marzo:<\/strong> Giornata della costituzione Italiana<\/li>\n<li><strong>18 Marzo:<\/strong> Giornata nazionale del sonno.<\/li>\n<li><strong>19 Marzo:<\/strong> Festa del pap\u00e0. Una giornata piena di regali. Per esempio, McCann cre\u00f2 per Navidul alcuni pacchetti regalo contenenti prosciutto, al fine di sorprendere. La festa del pap\u00e0 \u00e8 una data speciale per il nostro marketing.<\/li>\n<li><strong>20 Marzo:<\/strong> Giornata internazionale della felicit\u00e0.<\/li>\n<li><strong>21 Marzo:<\/strong> Equinozio di primavera. Le aziende approfittano di questa data per promuovere le nuove collezioni.<\/li>\n<li><strong>27 Marzo:<\/strong> Giornata mondiale del teatro<\/li>\n<\/ul>\n<h3><span class=\"ez-toc-section\" id=\"4-_Aprile\"><\/span><strong>4.- Aprile<\/strong><span class=\"ez-toc-section-end\"><\/span><\/h3>\n<p><img decoding=\"async\" class=\"aligncenter size-full wp-image-26815\" src=\"https:\/\/www.mdirector.com\/wp-content\/uploads\/2022\/04\/calendario-de-marketing-de-2017-semana-santa.jpg\" alt=\"calendario de marketing de 2017: Semana Santa\" \/><\/p>\n<ul>\n<li><strong>01 aprile:<\/strong> Pesce d\u2019Aprile<\/li>\n<li><strong>9 Aprile:<\/strong> Settimana Santa \/ Domenica delle Palme. L\u2019arrivo della Settimana Santa \u00e8 perfetta per le aziende. Tra tutte, agenzie viaggi, linee aeree e negozi. Una campagna di Social marketing effettuata nel 2013 ebbe un grandissimo impatto. Con lo slogan \u201cSi amas Sevilla tu Semana Santa empieza aqu\u00ed\u201d, il Municipio di Siviglia sensibilizz\u00f2 gli assistenti alla processione sull\u2019importanza di mantenere pulita la citt\u00e0.<\/li>\n<li><strong>13 Aprile:<\/strong> Giornata del bacio.<\/li>\n<li><strong>13 \u2013 18 Aprile:<\/strong> Settimana Nazionale dell\u2019Astronomia<\/li>\n<li><strong>Dal 14 al 23 di Aprile:<\/strong> Coachella Valley Music and Arts Festival in California<\/li>\n<li><strong>16 Aprile:<\/strong> Pasqua 2017 &#8211; Giornata Mondiale della Voce<\/li>\n<li><strong>19 Aprile:<\/strong> Giornata mondiale della bicicletta<\/li>\n<li><strong>23 Aprile:<\/strong> Giornata del Libro. L\u2019 Associazione degli Editori di Madrid lanci\u00f2 l\u2019anno scorso una campagna dal titolo \u201cLeggere stimola la tua immaginazione\u201d. Il messaggio era chiaro: la lettura aumenta la creativit\u00e0, ognuno di noi pu\u00f2 diventare \u201cSherlock\u201d o \u201cCyrano\u201d.<\/li>\n<li><strong>25 Aprile:<\/strong> Festa Nazionale della Liberazione + Giornata Nazionale della Mobilit\u00e0 Ecologica<\/li>\n<\/ul>\n<p><img decoding=\"async\" class=\"aligncenter size-full wp-image-26820\" src=\"https:\/\/www.mdirector.com\/wp-content\/uploads\/2022\/04\/leer-estimula-tu-imaginacion-sherlock.jpg\" alt=\"calendario de marketing de 2017: D\u00eda del libro\" \/><\/p>\n<h3><span class=\"ez-toc-section\" id=\"5-_Maggio\"><\/span><strong>5.- Maggio<\/strong><span class=\"ez-toc-section-end\"><\/span><\/h3>\n<div class=\"su-youtube su-u-responsive-media-yes\"><iframe width=\"700\" height=\"440\" src=\"https:\/\/www.youtube.com\/embed\/S7BruLUE8Zk?autohide=2&amp;autoplay=0&amp;mute=0&amp;controls=1&amp;fs=1&amp;loop=0&amp;modestbranding=0&amp;rel=1&amp;showinfo=1&amp;theme=dark&amp;wmode=&amp;playsinline=0\" frameborder=\"0\" allowfullscreen allow=\"autoplay; encrypted-media; picture-in-picture\" title=\"\"><\/iframe><\/div>\n<ul>\n<li><strong>1 Maggio:<\/strong> Festa dei lavoratori<\/li>\n<li><strong>4 Maggio:<\/strong> Giornata Star Wars<\/li>\n<li><strong>5 Maggio:<\/strong> Giro d\u2019Italia 100\u00b0Edizione<\/li>\n<li><strong>7 Maggio:<\/strong> Festa della mamma.<\/li>\n<li><strong>7 Maggio:<\/strong> Giornata del sorriso<\/li>\n<li><strong>9-13 Maggio:<\/strong> Eurovision Song Contest. Molte aziende sanno tirano fuori il meglio per questo appuntamento televisivo<\/li>\n<li><strong>15-30 Maggio:<\/strong> Hot Sale. Inizio saldi negli Stati Uniti e in Sud America.<\/li>\n<li><strong>17 Maggio:<\/strong> Giornata di Internet<\/li>\n<li><strong>25 Maggio:<\/strong> Giornata dell\u2019orgoglio Freak.<\/li>\n<li><strong>27 Maggio:<\/strong> Inizio del Ramad\u00e1n.<\/li>\n<li><strong>27 Maggio:<\/strong> Finale Copa del Rey &#8211; Calcio.<\/li>\n<li><strong>31 Maggio:<\/strong> Giornata mondiale senza tabacco.<\/li>\n<\/ul>\n<h3><span class=\"ez-toc-section\" id=\"6-_Giugno\"><\/span><strong>6.- Giugno<\/strong><span class=\"ez-toc-section-end\"><\/span><\/h3>\n<div class=\"su-youtube su-u-responsive-media-yes\"><iframe width=\"700\" height=\"440\" src=\"https:\/\/www.youtube.com\/embed\/6jlQiwcsV9Q?autohide=2&amp;autoplay=0&amp;mute=0&amp;controls=1&amp;fs=1&amp;loop=0&amp;modestbranding=0&amp;rel=1&amp;showinfo=1&amp;theme=dark&amp;wmode=&amp;playsinline=0\" frameborder=\"0\" allowfullscreen allow=\"autoplay; encrypted-media; picture-in-picture\" title=\"\"><\/iframe><\/div>\n<ul>\n<li><strong>2 Giugno:<\/strong> Finale Coppa Italia &#8211; Calcio\/ Festa della Repubblica<\/li>\n<li><strong>3 Giugno:<\/strong> Finale Champion\u2019s League. Negli ultimi anni molte squadre Italiane hanno fatto parte di questa competizione, una grande opportunit\u00e0 da includere nelle tue campagne di email marketing.<\/li>\n<li><strong>5 Giugno:<\/strong> Giornata mondiale del Ambiente<\/li>\n<li><strong>14 Giugno:<\/strong> Giornata Mondiale dei Donatori di Sangue<\/li>\n<li><strong>17 Giugno:<\/strong> FIFA Confederations Cup 2017.<\/li>\n<li><strong>18 Giugno:<\/strong> Giornata mondiale del pic-nic.<\/li>\n<li><strong>19 Giugno:<\/strong> Festa Europea della Musica<\/li>\n<li><strong>21 Giugno:<\/strong> Solstizio d\u2019 Estate.<\/li>\n<li><strong>Dal 23 Giugno al 2 luglio:<\/strong> Celebrazione del giorno d\u2019orgoglio gay World Pride.<\/li>\n<li><strong>24 Giugno:<\/strong> San Giovanni.<\/li>\n<li><strong>25 Giugno:<\/strong> Giornata mondiale dei Puffi.<\/li>\n<\/ul>\n<h3><span class=\"ez-toc-section\" id=\"7-_Luglio\"><\/span><strong>7.- Luglio<\/strong><span class=\"ez-toc-section-end\"><\/span><\/h3>\n<div class=\"su-youtube su-u-responsive-media-yes\"><iframe width=\"700\" height=\"440\" src=\"https:\/\/www.youtube.com\/embed\/8yaRp3Ym7pc?autohide=2&amp;autoplay=0&amp;mute=0&amp;controls=1&amp;fs=1&amp;loop=0&amp;modestbranding=0&amp;rel=1&amp;showinfo=1&amp;theme=dark&amp;wmode=&amp;playsinline=0\" frameborder=\"0\" allowfullscreen allow=\"autoplay; encrypted-media; picture-in-picture\" title=\"\"><\/iframe><\/div>\n<ul>\n<li><strong>1 Luglio:<\/strong> Inizio Saldi. El Corte Ingl\u00e9s ritorna per annunciare le sue promozioni stagionali. La sua ultima campagna dei saldi d\u2019estate era accompagnata da una canzone molto orecchiabile intitolata \u201ct\u00fa pide\u201d.<\/li>\n<li><strong>1 al 23 Luglio:<\/strong> Tour de France.<\/li>\n<li><strong>4 Luglio:<\/strong> Giorno dell&#8217;Indipendenza USA.<\/li>\n<li><strong>7 Luglio:<\/strong> Festa di San Firminio. Una festa internazionale che esalta la citt\u00e0 di Pamplona per 7 giorni.<\/li>\n<li><strong>21 al 30 Luglio:<\/strong> Tomorrowland.<\/li>\n<\/ul>\n<h3><span class=\"ez-toc-section\" id=\"8-_Agosto\"><\/span><strong>8.- Agosto<\/strong><span class=\"ez-toc-section-end\"><\/span><\/h3>\n<ul>\n<li><strong>10 Agosto:<\/strong> Notte di San Lorenzo (\u201cstelle cadenti\u201d)<\/li>\n<li><strong>12 Agosto:<\/strong> Giornata Internazionale della Giovent\u00f9 &#8211; Giornata internazionale della giovent\u00f9 &#8211; Giornata internazionale del disco vinile.<\/li>\n<li><strong>15 Agosto:<\/strong> \u201cFerragosto\u201d (Ricorrenza dell\u2019Assunzione di Maria)<\/li>\n<li><strong>28 Agosto:<\/strong> US Open.<\/li>\n<li><strong>31 Agosto:<\/strong> Ultimo giorno dei saldi.<\/li>\n<li><strong>31 Agosto:<\/strong> Giornata internazionale della solidariet\u00e0.<\/li>\n<\/ul>\n<h3><span class=\"ez-toc-section\" id=\"9-_Settembre\"><\/span><strong>9.- Settembre<\/strong><span class=\"ez-toc-section-end\"><\/span><\/h3>\n<div class=\"su-youtube su-u-responsive-media-yes\"><iframe width=\"700\" height=\"440\" src=\"https:\/\/www.youtube.com\/embed\/Nc8oQdZu8ug?autohide=2&amp;autoplay=0&amp;mute=0&amp;controls=1&amp;fs=1&amp;loop=0&amp;modestbranding=0&amp;rel=1&amp;showinfo=1&amp;theme=dark&amp;wmode=&amp;playsinline=0\" frameborder=\"0\" allowfullscreen allow=\"autoplay; encrypted-media; picture-in-picture\" title=\"\"><\/iframe><\/div>\n<p>\u00a0<\/p>\n<ul>\n<li><strong>7 Settembre:<\/strong> Ritorno a scuola.<br \/>\nIl ritorno da scuola dopo le vacanze rappresenta uno dei momenti pi\u00f9 interessanti dell\u2019anno. Se tra Luglio e Agosto sembra che tutto si fermi, a settembre \u00e8 tutto il contrario. C\u2019\u00e8 un fattore molto interessante da tenere in considerazione in questo periodo dell\u2019anno: le vacanze riducono il potere d\u2019acquisto delle famiglie. In queste date le multinazionali lanciano campagne utilizzando i mass media basati sugli sconti dei loro prodotti.<\/li>\n<li><strong>15 Settembre:<\/strong> Giornata internazionale della democrazia<\/li>\n<li><strong>16 Settembre:<\/strong> Oktoberfest.<\/li>\n<li><strong>21 Settembre:<\/strong> Equinozio d\u2019 Autunno. Nuovamente il sito Corte Ingl\u00e9s d\u00e0 inizio alla stagione. Approfitta di questa data per lanciare nuovi prodotti, nuove offerte o nuove strategie.<\/li>\n<li><strong>21 Settembre:<\/strong> Giornata internazionale della pace.<\/li>\n<li><strong>27 Settembre:<\/strong> Giornata mondiale del turismo.<\/li>\n<\/ul>\n<h3><span class=\"ez-toc-section\" id=\"10-_Ottobre\"><\/span><strong>10.- Ottobre<\/strong><span class=\"ez-toc-section-end\"><\/span><\/h3>\n<p><img decoding=\"async\" class=\"aligncenter wp-image-26891 size-full\" src=\"https:\/\/www.mdirector.com\/wp-content\/uploads\/2022\/04\/calendario-marketing-halloween-01.jpg\" alt=\"calendario de marketing de 2017: Halloween\" width=\"800\" height=\"533\" \/><\/p>\n<ul>\n<li><strong>1 Ottobre:<\/strong> Giornata Internazionale del Caff\u00e8.<\/li>\n<li><strong>2 Ottobre:<\/strong> Festa dei Nonni<\/li>\n<li><strong>4 Ottobre:<\/strong> Giornata mondiale degli animali.<\/li>\n<li><strong>12 Ottobre:<\/strong> Columbus Day.<\/li>\n<li><strong>16 Ottobre:<\/strong> Giornata Mondiale dell\u2019alimentazione.<\/li>\n<li><strong>19 Ottobre:<\/strong> Giornata internazionale del cancro al seno<\/li>\n<li><strong>31 Ottobre:<\/strong> Halloween. Festeggiata ormai in tutto il mondo, le aziende lavorano con molta dedizione per individuare gli elementi che caratterizzano questa giornata.<\/li>\n<\/ul>\n<h3><span class=\"ez-toc-section\" id=\"11-_Novembre\"><\/span><strong>11.- Novembre<\/strong><span class=\"ez-toc-section-end\"><\/span><\/h3>\n<p><img decoding=\"async\" class=\"aligncenter wp-image-26896 size-full\" src=\"https:\/\/www.mdirector.com\/wp-content\/uploads\/2022\/04\/calendario-marketing-black-friday-01.jpg\" alt=\"calendario de marketing de 2017: Black Friday\" width=\"800\" height=\"533\" \/><\/p>\n<ul>\n<li><strong>1 novembre:<\/strong> Ognissanti.<\/li>\n<li><strong>4 Novembre:<\/strong> Festa dell\u2019Unit\u00e0 Italiana e delle Forze Armate<\/li>\n<li><strong>5 novembre:<\/strong> Maratona di New York.<\/li>\n<li><strong>11 novembre:<\/strong> Giornata dei single in Cina.<\/li>\n<li><strong>20 novembre:<\/strong> Giornata mondiale dell\u2019infanzia.<\/li>\n<li><strong>21 novembre:<\/strong> Giornata mondiale della televisione.<\/li>\n<li><strong>24 novembre:<\/strong> Black Friday. Il Black Friday ha avuto molto successo per gli e-commerce. E\u2019 un giorno al quale bisogna prepararsi con cura, perch\u00e9 \u00e8 diventato \u201cIL\u201d giorno degli acquisti. Segui le migliori strategie per vendere tutto il tuo stock in un solo giorno. Ricorda che l\u2019<a href=\"https:\/\/www.mdirector.com\/it\/email-marketing\/?origin=WEB_blog_IT_calendario_importante_2017\" target=\"_blank\" rel=\"noopener\">email marketing<\/a> deve essere il tuo alleato in questi giorni. .<\/li>\n<li><strong>27 novembre:<\/strong> Cyber Monday.<\/li>\n<\/ul>\n<h3><span class=\"ez-toc-section\" id=\"12-_Dicembre\"><\/span><strong>12.- Dicembre<\/strong><span class=\"ez-toc-section-end\"><\/span><\/h3>\n<div class=\"su-youtube su-u-responsive-media-yes\"><iframe width=\"700\" height=\"440\" src=\"https:\/\/www.youtube.com\/embed\/pytMCVm-Et0?autohide=2&amp;autoplay=0&amp;mute=0&amp;controls=1&amp;fs=1&amp;loop=0&amp;modestbranding=0&amp;rel=1&amp;showinfo=1&amp;theme=dark&amp;wmode=&amp;playsinline=0\" frameborder=\"0\" allowfullscreen allow=\"autoplay; encrypted-media; picture-in-picture\" title=\"\"><\/iframe><\/div>\n<ul>\n<li><strong>1 Dicembre:<\/strong> Giornata mondiale contro l\u2019AIDS.<\/li>\n<li><strong>6 Dicembre:<\/strong> Giornata della Costituzione Spagnola.<\/li>\n<li><strong>8 Dicembre:<\/strong> Festa dell&#8217;Immacolata Concezione<\/li>\n<li><strong>12 al 20 di Dicembre:<\/strong> Hanukkah.<\/li>\n<li><strong>24 al 25 di Dicembre:<\/strong> Notte di Natale e Natale. Per la maggior parte degli e-commerce, l\u2019ultima strategia del <a href=\"https:\/\/www.mdirector.com\/it\/risorse\/aumenta-vendite-natale-email-marketing\/?origin=WEB_blog_IT_calendario_importante_2017\" target=\"_blank\" rel=\"noopener\">marketing digitale natalizio<\/a> sar\u00e0 quella che chiuder\u00e0 il bilancio annuale e il periodo di acquisti che si apre durante il black Friday. Il natale \u00e8 il periodo con la maggior domanda e il maggior volume di vendite dell\u2019anno.<\/li>\n<li><strong>26 di Dicembre:<\/strong> Boxing Day. Una festivit\u00e0 centrata nel comprare i regali per i pi\u00f9 bisognosi. Viene festeggiato nel Regno Unito e nei paesi della CommonWealth.<\/li>\n<li><strong>28 Dicembre:<\/strong> Festa dei Santi Innocenti.<\/li>\n<li><strong>31 Dicembre:<\/strong> Capodanno.<\/li>\n<\/ul>\n<h2><span class=\"ez-toc-section\" id=\"4_passi_per_organizzare_il_tuo_marketing_2017\"><\/span>4 passi per organizzare il tuo marketing 2017<span class=\"ez-toc-section-end\"><\/span><\/h2>\n<p>Le date sono molto importanti per lavorare sulla strategia dell\u2019email marketing digitale. Tieni sempre sott\u2019occhio i seguenti fattori:<\/p>\n<h3><span class=\"ez-toc-section\" id=\"1-_Tutto_dipende_dal_tuo_settore\"><\/span>1.- Tutto dipende dal tuo settore<span class=\"ez-toc-section-end\"><\/span><\/h3>\n<p>Dipendendo dal tuo settore e dai tuoi prodotti potrai avere picchi di vendite in alcuni periodi dell\u2019anno. Il calendario che abbiamo definito \u00e8 molto generale, perci\u00f2 devi essere tu stesso a decidere quali saranno le date migliori per lanciare le tue strategie di marketing digitale.<\/p>\n<h3><span class=\"ez-toc-section\" id=\"2-_Pianifica_le_tue_azioni\"><\/span>2.- Pianifica le tue azioni<span class=\"ez-toc-section-end\"><\/span><\/h3>\n<p>Una volta scelte le date, sar\u00e0 il momento di pianificare tutte le azioni commerciali e di marketing che dovrai effettuare. Potr\u00e0 essere molto complicato lanciare campagne in date molto vicine tra di loro. Ti consigliamo di non avere pi\u00f9 di due date chiave al mese. Molto meglio avere tutto sotto controllo.<\/p>\n<h3><span class=\"ez-toc-section\" id=\"3-_Fissa_il_tuo_budget\"><\/span>3.- Fissa il tuo budget<span class=\"ez-toc-section-end\"><\/span><\/h3>\n<p>L\u2019obiettivo delle campagne di marketing non \u00e8 solo quello di aumentare le vendite, ma di ottenere anche dei benefici. Ogni azione che farai avr\u00e0 un costo, fissa un budget e pianifica al meglio.<\/p>\n<h3><span class=\"ez-toc-section\" id=\"4-_Calcola_e_analizza_i_tuoi_risultati\"><\/span>4.- Calcola e analizza i tuoi risultati<span class=\"ez-toc-section-end\"><\/span><\/h3>\n<p>E\u2019 molto importante sapere se i tuoi piani stanno avendo successo. Non solo devi decidere quali saranno le date dei tuoi invii ma dovrai anche utilizzare degli indicatori che ti aiuteranno nell\u2019analisi del tuo piano.<\/p>\n<p>Molte aziende stanno sperimentando e provando tutti i canali del marketing e gli strumenti corretti per centrare i loro obiettivi. Incomincia fin da subito, per sfruttare quest\u2019anno nel migliore dei modi.<\/p>\n<p>Questi sono i concetti basici per costruire la tua strategia di marketing. <strong>Un calendario di marketing \u00e8 solo uno degli strumenti che si aggiunger\u00e0 agli <a href=\"https:\/\/www.mdirector.com\/it\/?origin=WEB_blog_IT_calendario_importante_2017\" target=\"_blank\" rel=\"noopener\">strumenti professionali per il tuo webmarketing<\/a>.\u00a0<\/strong><\/p>\n<p><a href=\"https:\/\/www.mdirector.com\/it\/mdirector-contact\/?origin=WEB_blog_IT_calendario_importante_2017\" target=\"_blank\" rel=\"noopener\">Prova subito MDirector<\/a> e potrai ottenere il massimo dal tuo calendario 2017.<\/p>\n","protected":false},"excerpt":{"rendered":"<p>Da pochi giorni siamo entrati nel 2017; questo \u00e8 il momento migliore per analizzare il piano di marketing. Sicuramente i tuoi propositi saranno quelli di far crescere il tuo business e centrare i nuovi obiettivi. [&hellip;]<\/p>\n","protected":false},"author":2,"featured_media":33812,"comment_status":"open","ping_status":"open","sticky":false,"template":"","format":"standard","meta":{"_lmt_disableupdate":"","_lmt_disable":"","rating_form_position":"","rating_results_position":"","mr_structured_data_type":"","footnotes":""},"categories":[1926],"tags":[],"class_list":["post-119669","post","type-post","status-publish","format-standard","has-post-thumbnail","hentry","category-marketing-digitale"],"acf":[],"yoast_head":"<!-- This site is optimized with the Yoast SEO plugin v25.3 - https:\/\/yoast.com\/wordpress\/plugins\/seo\/ -->\n<title>Calendario 2017 per il tuo piano di marketing<\/title>\n<meta name=\"description\" content=\"Da pochi giorni siamo entrati nel 2017; questo \u00e8 il momento migliore per analizzare il piano di marketing. Sicuramente i tuoi propositi saranno quelli di\" \/>\n<meta name=\"robots\" content=\"index, follow\" \/>\n<link rel=\"canonical\" href=\"https:\/\/www.mdirector.com\/it\/blog\/calendario-marketing-2017\/\" \/>\n<meta property=\"og:locale\" content=\"it_IT\" \/>\n<meta property=\"og:type\" content=\"article\" \/>\n<meta property=\"og:title\" content=\"Calendario 2017 per il tuo piano di marketing\" \/>\n<meta property=\"og:description\" content=\"Da pochi giorni siamo entrati nel 2017; questo \u00e8 il momento migliore per analizzare il piano di marketing. Sicuramente i tuoi propositi saranno quelli di\" \/>\n<meta property=\"og:url\" content=\"https:\/\/www.mdirector.com\/it\/blog\/calendario-marketing-2017\/\" \/>\n<meta property=\"og:site_name\" content=\"MDirector\" \/>\n<meta property=\"article:publisher\" content=\"https:\/\/www.facebook.com\/MDirector.es\" \/>\n<meta property=\"article:published_time\" content=\"2017-01-02T23:00:00+00:00\" \/>\n<meta property=\"article:modified_time\" content=\"2022-04-19T11:55:13+00:00\" \/>\n<meta property=\"og:image\" content=\"https:\/\/www.mdirector.com\/wp-content\/uploads\/2022\/04\/base-calendario.jpg\" \/>\n\t<meta property=\"og:image:width\" content=\"653\" \/>\n\t<meta property=\"og:image:height\" content=\"493\" \/>\n\t<meta property=\"og:image:type\" content=\"image\/jpeg\" \/>\n<meta name=\"author\" content=\"NewsMDirector\" \/>\n<meta name=\"twitter:card\" content=\"summary_large_image\" \/>\n<meta name=\"twitter:creator\" content=\"@emailMDirector\" \/>\n<meta name=\"twitter:site\" content=\"@emailMDirector\" \/>\n<meta name=\"twitter:label1\" content=\"Scritto da\" \/>\n\t<meta name=\"twitter:data1\" content=\"NewsMDirector\" \/>\n\t<meta name=\"twitter:label2\" content=\"Tempo di lettura stimato\" \/>\n\t<meta name=\"twitter:data2\" content=\"9 minuti\" \/>\n<script type=\"application\/ld+json\" class=\"yoast-schema-graph\">{\"@context\":\"https:\/\/schema.org\",\"@graph\":[{\"@type\":\"Article\",\"@id\":\"https:\/\/www.mdirector.com\/it\/blog\/calendario-marketing-2017\/#article\",\"isPartOf\":{\"@id\":\"https:\/\/www.mdirector.com\/it\/blog\/calendario-marketing-2017\/\"},\"author\":{\"name\":\"NewsMDirector\",\"@id\":\"https:\/\/www.mdirector.com\/it\/#\/schema\/person\/d91d62ca88afe0ab43d79d7fadc367b5\"},\"headline\":\"Calendario 2017 per il tuo piano di marketing\",\"datePublished\":\"2017-01-02T23:00:00+00:00\",\"dateModified\":\"2022-04-19T11:55:13+00:00\",\"mainEntityOfPage\":{\"@id\":\"https:\/\/www.mdirector.com\/it\/blog\/calendario-marketing-2017\/\"},\"wordCount\":1778,\"commentCount\":0,\"publisher\":{\"@id\":\"https:\/\/www.mdirector.com\/it\/#organization\"},\"image\":{\"@id\":\"https:\/\/www.mdirector.com\/it\/blog\/calendario-marketing-2017\/#primaryimage\"},\"thumbnailUrl\":\"https:\/\/www.mdirector.com\/wp-content\/uploads\/2022\/04\/base-calendario.jpg\",\"articleSection\":[\"Marketing digitale\"],\"inLanguage\":\"it-IT\",\"potentialAction\":[{\"@type\":\"CommentAction\",\"name\":\"Comment\",\"target\":[\"https:\/\/www.mdirector.com\/it\/blog\/calendario-marketing-2017\/#respond\"]}]},{\"@type\":\"WebPage\",\"@id\":\"https:\/\/www.mdirector.com\/it\/blog\/calendario-marketing-2017\/\",\"url\":\"https:\/\/www.mdirector.com\/it\/blog\/calendario-marketing-2017\/\",\"name\":\"Calendario 2017 per il tuo piano di marketing\",\"isPartOf\":{\"@id\":\"https:\/\/www.mdirector.com\/it\/#website\"},\"primaryImageOfPage\":{\"@id\":\"https:\/\/www.mdirector.com\/it\/blog\/calendario-marketing-2017\/#primaryimage\"},\"image\":{\"@id\":\"https:\/\/www.mdirector.com\/it\/blog\/calendario-marketing-2017\/#primaryimage\"},\"thumbnailUrl\":\"https:\/\/www.mdirector.com\/wp-content\/uploads\/2022\/04\/base-calendario.jpg\",\"datePublished\":\"2017-01-02T23:00:00+00:00\",\"dateModified\":\"2022-04-19T11:55:13+00:00\",\"description\":\"Da pochi giorni siamo entrati nel 2017; questo \u00e8 il momento migliore per analizzare il piano di marketing. Sicuramente i tuoi propositi saranno quelli di\",\"breadcrumb\":{\"@id\":\"https:\/\/www.mdirector.com\/it\/blog\/calendario-marketing-2017\/#breadcrumb\"},\"inLanguage\":\"it-IT\",\"potentialAction\":[{\"@type\":\"ReadAction\",\"target\":[\"https:\/\/www.mdirector.com\/it\/blog\/calendario-marketing-2017\/\"]}]},{\"@type\":\"ImageObject\",\"inLanguage\":\"it-IT\",\"@id\":\"https:\/\/www.mdirector.com\/it\/blog\/calendario-marketing-2017\/#primaryimage\",\"url\":\"https:\/\/www.mdirector.com\/wp-content\/uploads\/2022\/04\/base-calendario.jpg\",\"contentUrl\":\"https:\/\/www.mdirector.com\/wp-content\/uploads\/2022\/04\/base-calendario.jpg\",\"width\":653,\"height\":493},{\"@type\":\"BreadcrumbList\",\"@id\":\"https:\/\/www.mdirector.com\/it\/blog\/calendario-marketing-2017\/#breadcrumb\",\"itemListElement\":[{\"@type\":\"ListItem\",\"position\":1,\"name\":\"Inicio\",\"item\":\"https:\/\/www.mdirector.com\/it\/\"},{\"@type\":\"ListItem\",\"position\":2,\"name\":\"Marketing digitale\",\"item\":\"https:\/\/www.mdirector.com\/it\/blog\/marketing-digitale\/\"},{\"@type\":\"ListItem\",\"position\":3,\"name\":\"Calendario 2017 per il tuo piano di marketing\"}]},{\"@type\":\"WebSite\",\"@id\":\"https:\/\/www.mdirector.com\/it\/#website\",\"url\":\"https:\/\/www.mdirector.com\/it\/\",\"name\":\"MDirector\",\"description\":\"\",\"publisher\":{\"@id\":\"https:\/\/www.mdirector.com\/it\/#organization\"},\"potentialAction\":[{\"@type\":\"SearchAction\",\"target\":{\"@type\":\"EntryPoint\",\"urlTemplate\":\"https:\/\/www.mdirector.com\/it\/?s={search_term_string}\"},\"query-input\":{\"@type\":\"PropertyValueSpecification\",\"valueRequired\":true,\"valueName\":\"search_term_string\"}}],\"inLanguage\":\"it-IT\"},{\"@type\":\"Organization\",\"@id\":\"https:\/\/www.mdirector.com\/it\/#organization\",\"name\":\"MDirector\",\"url\":\"https:\/\/www.mdirector.com\/it\/\",\"logo\":{\"@type\":\"ImageObject\",\"inLanguage\":\"it-IT\",\"@id\":\"https:\/\/www.mdirector.com\/it\/#\/schema\/logo\/image\/\",\"url\":\"https:\/\/www.mdirector.com\/wp-content\/uploads\/2023\/01\/mdirectorbimi-ok23-tiny-ps.svg\",\"contentUrl\":\"https:\/\/www.mdirector.com\/wp-content\/uploads\/2023\/01\/mdirectorbimi-ok23-tiny-ps.svg\",\"width\":401,\"height\":401,\"caption\":\"MDirector\"},\"image\":{\"@id\":\"https:\/\/www.mdirector.com\/it\/#\/schema\/logo\/image\/\"},\"sameAs\":[\"https:\/\/www.facebook.com\/MDirector.es\",\"https:\/\/x.com\/emailMDirector\",\"https:\/\/www.linkedin.com\/company\/1373906\/\"]},{\"@type\":\"Person\",\"@id\":\"https:\/\/www.mdirector.com\/it\/#\/schema\/person\/d91d62ca88afe0ab43d79d7fadc367b5\",\"name\":\"NewsMDirector\",\"image\":{\"@type\":\"ImageObject\",\"inLanguage\":\"it-IT\",\"@id\":\"https:\/\/www.mdirector.com\/it\/#\/schema\/person\/image\/\",\"url\":\"https:\/\/secure.gravatar.com\/avatar\/56aaa057e6c30e70ef9a4db165a17832a7661affd8b3677bf17f63d57e8adf60?s=96&d=mm&r=g\",\"contentUrl\":\"https:\/\/secure.gravatar.com\/avatar\/56aaa057e6c30e70ef9a4db165a17832a7661affd8b3677bf17f63d57e8adf60?s=96&d=mm&r=g\",\"caption\":\"NewsMDirector\"},\"description\":\"Equipo de Redacci\u00f3n de MDirector\",\"sameAs\":[\"https:\/\/www.linkedin.com\/company\/1373906\"],\"url\":\"https:\/\/www.mdirector.com\/it\/author\/newsmdirector\/\"}]}<\/script>\n<!-- \/ Yoast SEO plugin. -->","yoast_head_json":{"title":"Calendario 2017 per il tuo piano di marketing","description":"Da pochi giorni siamo entrati nel 2017; questo \u00e8 il momento migliore per analizzare il piano di marketing. Sicuramente i tuoi propositi saranno quelli di","robots":{"index":"index","follow":"follow"},"canonical":"https:\/\/www.mdirector.com\/it\/blog\/calendario-marketing-2017\/","og_locale":"it_IT","og_type":"article","og_title":"Calendario 2017 per il tuo piano di marketing","og_description":"Da pochi giorni siamo entrati nel 2017; questo \u00e8 il momento migliore per analizzare il piano di marketing. Sicuramente i tuoi propositi saranno quelli di","og_url":"https:\/\/www.mdirector.com\/it\/blog\/calendario-marketing-2017\/","og_site_name":"MDirector","article_publisher":"https:\/\/www.facebook.com\/MDirector.es","article_published_time":"2017-01-02T23:00:00+00:00","article_modified_time":"2022-04-19T11:55:13+00:00","og_image":[{"width":653,"height":493,"url":"https:\/\/www.mdirector.com\/wp-content\/uploads\/2022\/04\/base-calendario.jpg","type":"image\/jpeg"}],"author":"NewsMDirector","twitter_card":"summary_large_image","twitter_creator":"@emailMDirector","twitter_site":"@emailMDirector","twitter_misc":{"Scritto da":"NewsMDirector","Tempo di lettura stimato":"9 minuti"},"schema":{"@context":"https:\/\/schema.org","@graph":[{"@type":"Article","@id":"https:\/\/www.mdirector.com\/it\/blog\/calendario-marketing-2017\/#article","isPartOf":{"@id":"https:\/\/www.mdirector.com\/it\/blog\/calendario-marketing-2017\/"},"author":{"name":"NewsMDirector","@id":"https:\/\/www.mdirector.com\/it\/#\/schema\/person\/d91d62ca88afe0ab43d79d7fadc367b5"},"headline":"Calendario 2017 per il tuo piano di marketing","datePublished":"2017-01-02T23:00:00+00:00","dateModified":"2022-04-19T11:55:13+00:00","mainEntityOfPage":{"@id":"https:\/\/www.mdirector.com\/it\/blog\/calendario-marketing-2017\/"},"wordCount":1778,"commentCount":0,"publisher":{"@id":"https:\/\/www.mdirector.com\/it\/#organization"},"image":{"@id":"https:\/\/www.mdirector.com\/it\/blog\/calendario-marketing-2017\/#primaryimage"},"thumbnailUrl":"https:\/\/www.mdirector.com\/wp-content\/uploads\/2022\/04\/base-calendario.jpg","articleSection":["Marketing digitale"],"inLanguage":"it-IT","potentialAction":[{"@type":"CommentAction","name":"Comment","target":["https:\/\/www.mdirector.com\/it\/blog\/calendario-marketing-2017\/#respond"]}]},{"@type":"WebPage","@id":"https:\/\/www.mdirector.com\/it\/blog\/calendario-marketing-2017\/","url":"https:\/\/www.mdirector.com\/it\/blog\/calendario-marketing-2017\/","name":"Calendario 2017 per il tuo piano di marketing","isPartOf":{"@id":"https:\/\/www.mdirector.com\/it\/#website"},"primaryImageOfPage":{"@id":"https:\/\/www.mdirector.com\/it\/blog\/calendario-marketing-2017\/#primaryimage"},"image":{"@id":"https:\/\/www.mdirector.com\/it\/blog\/calendario-marketing-2017\/#primaryimage"},"thumbnailUrl":"https:\/\/www.mdirector.com\/wp-content\/uploads\/2022\/04\/base-calendario.jpg","datePublished":"2017-01-02T23:00:00+00:00","dateModified":"2022-04-19T11:55:13+00:00","description":"Da pochi giorni siamo entrati nel 2017; questo \u00e8 il momento migliore per analizzare il piano di marketing. Sicuramente i tuoi propositi saranno quelli di","breadcrumb":{"@id":"https:\/\/www.mdirector.com\/it\/blog\/calendario-marketing-2017\/#breadcrumb"},"inLanguage":"it-IT","potentialAction":[{"@type":"ReadAction","target":["https:\/\/www.mdirector.com\/it\/blog\/calendario-marketing-2017\/"]}]},{"@type":"ImageObject","inLanguage":"it-IT","@id":"https:\/\/www.mdirector.com\/it\/blog\/calendario-marketing-2017\/#primaryimage","url":"https:\/\/www.mdirector.com\/wp-content\/uploads\/2022\/04\/base-calendario.jpg","contentUrl":"https:\/\/www.mdirector.com\/wp-content\/uploads\/2022\/04\/base-calendario.jpg","width":653,"height":493},{"@type":"BreadcrumbList","@id":"https:\/\/www.mdirector.com\/it\/blog\/calendario-marketing-2017\/#breadcrumb","itemListElement":[{"@type":"ListItem","position":1,"name":"Inicio","item":"https:\/\/www.mdirector.com\/it\/"},{"@type":"ListItem","position":2,"name":"Marketing digitale","item":"https:\/\/www.mdirector.com\/it\/blog\/marketing-digitale\/"},{"@type":"ListItem","position":3,"name":"Calendario 2017 per il tuo piano di marketing"}]},{"@type":"WebSite","@id":"https:\/\/www.mdirector.com\/it\/#website","url":"https:\/\/www.mdirector.com\/it\/","name":"MDirector","description":"","publisher":{"@id":"https:\/\/www.mdirector.com\/it\/#organization"},"potentialAction":[{"@type":"SearchAction","target":{"@type":"EntryPoint","urlTemplate":"https:\/\/www.mdirector.com\/it\/?s={search_term_string}"},"query-input":{"@type":"PropertyValueSpecification","valueRequired":true,"valueName":"search_term_string"}}],"inLanguage":"it-IT"},{"@type":"Organization","@id":"https:\/\/www.mdirector.com\/it\/#organization","name":"MDirector","url":"https:\/\/www.mdirector.com\/it\/","logo":{"@type":"ImageObject","inLanguage":"it-IT","@id":"https:\/\/www.mdirector.com\/it\/#\/schema\/logo\/image\/","url":"https:\/\/www.mdirector.com\/wp-content\/uploads\/2023\/01\/mdirectorbimi-ok23-tiny-ps.svg","contentUrl":"https:\/\/www.mdirector.com\/wp-content\/uploads\/2023\/01\/mdirectorbimi-ok23-tiny-ps.svg","width":401,"height":401,"caption":"MDirector"},"image":{"@id":"https:\/\/www.mdirector.com\/it\/#\/schema\/logo\/image\/"},"sameAs":["https:\/\/www.facebook.com\/MDirector.es","https:\/\/x.com\/emailMDirector","https:\/\/www.linkedin.com\/company\/1373906\/"]},{"@type":"Person","@id":"https:\/\/www.mdirector.com\/it\/#\/schema\/person\/d91d62ca88afe0ab43d79d7fadc367b5","name":"NewsMDirector","image":{"@type":"ImageObject","inLanguage":"it-IT","@id":"https:\/\/www.mdirector.com\/it\/#\/schema\/person\/image\/","url":"https:\/\/secure.gravatar.com\/avatar\/56aaa057e6c30e70ef9a4db165a17832a7661affd8b3677bf17f63d57e8adf60?s=96&d=mm&r=g","contentUrl":"https:\/\/secure.gravatar.com\/avatar\/56aaa057e6c30e70ef9a4db165a17832a7661affd8b3677bf17f63d57e8adf60?s=96&d=mm&r=g","caption":"NewsMDirector"},"description":"Equipo de Redacci\u00f3n de MDirector","sameAs":["https:\/\/www.linkedin.com\/company\/1373906"],"url":"https:\/\/www.mdirector.com\/it\/author\/newsmdirector\/"}]}},"modified_by":null,"multi-rating":{"mr_rating_results":[]},"amp_enabled":true,"_links":{"self":[{"href":"https:\/\/www.mdirector.com\/it\/wp-json\/wp\/v2\/posts\/119669","targetHints":{"allow":["GET"]}}],"collection":[{"href":"https:\/\/www.mdirector.com\/it\/wp-json\/wp\/v2\/posts"}],"about":[{"href":"https:\/\/www.mdirector.com\/it\/wp-json\/wp\/v2\/types\/post"}],"author":[{"embeddable":true,"href":"https:\/\/www.mdirector.com\/it\/wp-json\/wp\/v2\/users\/2"}],"replies":[{"embeddable":true,"href":"https:\/\/www.mdirector.com\/it\/wp-json\/wp\/v2\/comments?post=119669"}],"version-history":[{"count":0,"href":"https:\/\/www.mdirector.com\/it\/wp-json\/wp\/v2\/posts\/119669\/revisions"}],"wp:featuredmedia":[{"embeddable":true,"href":"https:\/\/www.mdirector.com\/it\/wp-json\/wp\/v2\/media\/33812"}],"wp:attachment":[{"href":"https:\/\/www.mdirector.com\/it\/wp-json\/wp\/v2\/media?parent=119669"}],"wp:term":[{"taxonomy":"category","embeddable":true,"href":"https:\/\/www.mdirector.com\/it\/wp-json\/wp\/v2\/categories?post=119669"},{"taxonomy":"post_tag","embeddable":true,"href":"https:\/\/www.mdirector.com\/it\/wp-json\/wp\/v2\/tags?post=119669"}],"curies":[{"name":"wp","href":"https:\/\/api.w.org\/{rel}","templated":true}]}}