{"id":118090,"date":"2016-02-29T00:00:00","date_gmt":"2016-02-28T23:00:00","guid":{"rendered":"https:\/\/www.mdirector.com\/2016\/04\/26\/10-blogueiras-de-moda-que-marcam-tendencias\/"},"modified":"2024-04-30T08:38:20","modified_gmt":"2024-04-30T06:38:20","slug":"blogueiras-moda-marcam-tendencias","status":"publish","type":"post","link":"https:\/\/www.mdirector.com\/pt\/blog\/blogueiras-moda-marcam-tendencias\/","title":{"rendered":"10 blogueiras de moda que marcam tend\u00eancias"},"content":{"rendered":"<div style=\"margin-top: 0px; margin-bottom: 0px;\" class=\"sharethis-inline-share-buttons\" ><\/div><p><link rel=\"preload\" as=\"image\" href=\"https:\/\/www.mdirector.com\/wp-content\/uploads\/2022\/04\/blogueras-moda-pt-ok.jpg\" imagesizes=\"(max-width: 1100px) 100vw, 1100px\" \/><img decoding=\"async\" class=\"aligncenter wp-image-44594 size-full\" src=\"https:\/\/www.mdirector.com\/wp-content\/uploads\/2022\/04\/blogueras-moda-pt-ok.jpg\" alt=\"blogueiras de moda que marcam tend\u00eancias\" width=\"3280\" height=\"2627\" \/><\/p>\n<p>As marcas entenderam o poder e influ\u00eancia dos blogueiros de moda, que popularizaram a comunica\u00e7\u00e3o em um setor onde at\u00e9 pouco tempo estava aprisionado nas opini\u00f5es de alguns quantos especialistas.<\/p>\n<p>Com isso convergiram duas tend\u00eancias:<\/p>\n<ul>\n<li>Por um lado, a moda foi socializada e existem marcas de pre\u00e7os mais acess\u00edveis para o p\u00fablico em geral.<\/li>\n<li>Por outro, o incremento de uso do entorno digital converteu as redes sociais em novas janelas e cal\u00e7adas ao alcance de qualquer pessoa que disponha de uma conex\u00e3o de Internet.<\/li>\n<\/ul>\n<p>Com o novo cen\u00e1rio surgiu este novo tipo de influenciadores de moda que por ser pessoas mais ou menos an\u00f4nimas inicialmente e muito delas sem rela\u00e7\u00e3o pr\u00e9via com o mundo da moda, conseguiram revolucionar a maneira em que s\u00e3o mostrados os estilismos nas redes sociais.<\/p>\n<p>O volume de intera\u00e7\u00f5es que conseguiram amassar desde seus blogs e suas contas de Instagram tem feito que as marcas fossem fixadas na sua capacidade de convocat\u00f3ria, que permitiu a eclos\u00e3o destas novas embaixadoras das marcas, muito mais conectadas ao p\u00fablico final das empresas de moda.<\/p>\n<p>\u00c9 imposs\u00edvel conhecer com exatid\u00e3o o n\u00famero de blogueiras de moda que existem mas sim o que pode ser feito \u00e9 uma rela\u00e7\u00e3o de 10 das blogueiras de moda que deve ter em conta se voc\u00ea mover para este setor:<\/p>\n<div id=\"ez-toc-container\" class=\"ez-toc-v2_0_74 counter-hierarchy ez-toc-counter ez-toc-grey ez-toc-container-direction\">\n<div class=\"ez-toc-title-container\">\n<p class=\"ez-toc-title\" style=\"cursor:inherit\">\u00cdNDICE DE CONTE\u00daDOS<\/p>\n<span class=\"ez-toc-title-toggle\"><\/span><\/div>\n<nav><ul class='ez-toc-list ez-toc-list-level-1 ' ><li class='ez-toc-page-1 ez-toc-heading-level-2'><a class=\"ez-toc-link ez-toc-heading-1\" href=\"https:\/\/www.mdirector.com\/pt\/blog\/blogueiras-moda-marcam-tendencias\/#1-_Aime_Song_e_seu_blog_%E2%80%9CSong_of_a_style%E2%80%9D\" >1.- Aime Song e seu blog \u201cSong of a style\u201d<\/a><\/li><li class='ez-toc-page-1 ez-toc-heading-level-2'><a class=\"ez-toc-link ez-toc-heading-2\" href=\"https:\/\/www.mdirector.com\/pt\/blog\/blogueiras-moda-marcam-tendencias\/#2-_Chiara_Ferragni_autora_do_blog_%E2%80%9CThe_blonde_salad%E2%80%9D\" >2.- Chiara Ferragni, autora do blog \u201cThe blonde salad\u201d<\/a><\/li><li class='ez-toc-page-1 ez-toc-heading-level-2'><a class=\"ez-toc-link ez-toc-heading-3\" href=\"https:\/\/www.mdirector.com\/pt\/blog\/blogueiras-moda-marcam-tendencias\/#3-_Olivia_Palermo_a_nova-iorquina_mais_fashion_autora_de_%E2%80%9COlivia_Palermo%E2%80%9D\" >3.- Olivia Palermo, a nova-iorquina mais fashion autora de \u201cOlivia Palermo\u201d<\/a><\/li><li class='ez-toc-page-1 ez-toc-heading-level-2'><a class=\"ez-toc-link ez-toc-heading-4\" href=\"https:\/\/www.mdirector.com\/pt\/blog\/blogueiras-moda-marcam-tendencias\/#4-_Wendy_Nguyen_criadora_do_blog_%E2%80%9CWendy%C2%B4s_lookbook%E2%80%9D\" >4.- Wendy Nguyen, criadora do blog \u201cWendy\u00b4s lookbook\u201d<\/a><\/li><li class='ez-toc-page-1 ez-toc-heading-level-2'><a class=\"ez-toc-link ez-toc-heading-5\" href=\"https:\/\/www.mdirector.com\/pt\/blog\/blogueiras-moda-marcam-tendencias\/#5-_Nicolette_Mason_autora_do_blog_%E2%80%9CNicolette_Mason%E2%80%9D\" >5.- Nicolette Mason, autora do blog \u201cNicolette Mason\u201d<\/a><\/li><li class='ez-toc-page-1 ez-toc-heading-level-2'><a class=\"ez-toc-link ez-toc-heading-6\" href=\"https:\/\/www.mdirector.com\/pt\/blog\/blogueiras-moda-marcam-tendencias\/#6-_Julie_Sarinana_e_seu_blog_%E2%80%9CSincerely_Jules%E2%80%9D\" >6.- Julie Sari\u00f1ana e seu blog \u201cSincerely, Jules\u201d<\/a><\/li><li class='ez-toc-page-1 ez-toc-heading-level-2'><a class=\"ez-toc-link ez-toc-heading-7\" href=\"https:\/\/www.mdirector.com\/pt\/blog\/blogueiras-moda-marcam-tendencias\/#7-_Negin_Mirsalehi_autora_del_blog_%E2%80%9CNegin_Mirsalehi%E2%80%9D\" >7.- Negin Mirsalehi, autora del blog \u00a0\u201cNegin Mirsalehi\u201d<\/a><\/li><li class='ez-toc-page-1 ez-toc-heading-level-2'><a class=\"ez-toc-link ez-toc-heading-8\" href=\"https:\/\/www.mdirector.com\/pt\/blog\/blogueiras-moda-marcam-tendencias\/#8-_Alexandra_Pereira_e_seu_blog_%E2%80%9CLovely_Pepa%E2%80%9D\" >8.- Alexandra Pereira e seu blog \u201cLovely Pepa\u201d<\/a><\/li><li class='ez-toc-page-1 ez-toc-heading-level-2'><a class=\"ez-toc-link ez-toc-heading-9\" href=\"https:\/\/www.mdirector.com\/pt\/blog\/blogueiras-moda-marcam-tendencias\/#9-_Aida_Domenech_criadora_do_blog_%E2%80%9CDulceida%E2%80%9D\" >9.- Aida Domenech, criadora do blog \u201cDulceida\u201d<\/a><\/li><li class='ez-toc-page-1 ez-toc-heading-level-2'><a class=\"ez-toc-link ez-toc-heading-10\" href=\"https:\/\/www.mdirector.com\/pt\/blog\/blogueiras-moda-marcam-tendencias\/#10-_Gala_Gonzalez_a_blogueira_espanhola_mais_famosa_por_seu_blog_%E2%80%9CAmlul%E2%80%9D\" >10.- Gala Gonz\u00e1lez, a blogueira espanhola mais famosa por seu blog \u201cAmlul\u201d<\/a><\/li><\/ul><\/nav><\/div>\n<h2><span class=\"ez-toc-section\" id=\"1-_Aime_Song_e_seu_blog_%E2%80%9CSong_of_a_style%E2%80%9D\"><\/span>1.- Aime Song e seu blog \u201cSong of a style\u201d<span class=\"ez-toc-section-end\"><\/span><\/h2>\n<p><img decoding=\"async\" class=\"aligncenter size-full wp-image-12770\" src=\"https:\/\/www.mdirector.com\/wp-content\/uploads\/2022\/04\/song-of-a-style-1.png\" alt=\"blogueiras de moda: Song of a style\" \/><\/p>\n<p>Aime \u00e9 uma designer de interiores de Los Angeles que abriu seu blog de moda em outubro de 2008. Seu estilismo e seu esquisito gosto pela moda t\u00eam sido aplaudidos por muitos fashionistas do meio. Conta com mais de tr\u00eas milh\u00f5es de seguidores em Instagram.<\/p>\n<p>Redes sociais: Segui-la em <a href=\"https:\/\/www.facebook.com\/SongOfStyle\" target=\"_blank\" rel=\"noopener noreferrer\">Facebook<\/a>, em <a href=\"https:\/\/twitter.com\/aimeesong\" target=\"_blank\" rel=\"noopener noreferrer\">Twitter<\/a>, em <a href=\"https:\/\/www.instagram.com\/accounts\/login\/?next=https%3A%2F%2Fwww.instagram.com%2Fsongofstyle%2F&amp;is_from_rle\" target=\"_blank\" rel=\"noopener noreferrer\">Instagram<\/a> e em <a href=\"https:\/\/es.pinterest.com\/songofstyle\/\" target=\"_blank\" rel=\"noopener noreferrer\">Pinterest<\/a><\/p>\n<h2><span class=\"ez-toc-section\" id=\"2-_Chiara_Ferragni_autora_do_blog_%E2%80%9CThe_blonde_salad%E2%80%9D\"><\/span>2.- Chiara Ferragni, autora do blog \u201c<a href=\"http:\/\/www.theblondesalad.com\/\" target=\"_blank\" rel=\"noopener noreferrer\">The blonde salad<\/a>\u201d<span class=\"ez-toc-section-end\"><\/span><\/h2>\n<p><img decoding=\"async\" class=\"aligncenter size-full wp-image-12771\" src=\"https:\/\/www.mdirector.com\/wp-content\/uploads\/2022\/04\/the-blonde-salad-1.png\" alt=\"blogueiras de moda: The blonde salad\" \/><\/p>\n<p>Esta jovem italiana conta com mais de 5,5 milh\u00f5es de seguidores em Instagram. As marcas mais conhecidas de moda t\u00eam colaborado com ela (Valentino, Balenciaga, Dior, Chanel, Armani\u2026) e calcula-se que seu blog gera um neg\u00f3cio em torno de 6,7 milh\u00f5es de euros anuais.<\/p>\n<p>Como ocorre com muitas blogueiras de moda, eventualmente d\u00e3o um salto e Chiara j\u00e1 tem sua pr\u00f3pria marca de sapatos.<\/p>\n<p>Redes sociais: Segui-la em <a href=\"https:\/\/www.facebook.com\/theblondesalad\" target=\"_blank\" rel=\"noopener noreferrer\">Facebook<\/a>, em <a href=\"https:\/\/twitter.com\/TheBlondeSalad\" target=\"_blank\" rel=\"noopener noreferrer\">Twitter<\/a>, em <a href=\"https:\/\/www.instagram.com\/accounts\/login\/?next=https%3A%2F%2Fwww.instagram.com%2Ftheblondesalad%2F&amp;is_from_rle\" target=\"_blank\" rel=\"noopener noreferrer\">Instagram<\/a> e em <a href=\"https:\/\/es.pinterest.com\/chiaraferragni\/\" target=\"_blank\" rel=\"noopener noreferrer\">Pinterest<\/a><\/p>\n<h2><span class=\"ez-toc-section\" id=\"3-_Olivia_Palermo_a_nova-iorquina_mais_fashion_autora_de_%E2%80%9COlivia_Palermo%E2%80%9D\"><\/span>3.- Olivia Palermo, a nova-iorquina mais fashion autora de \u201c<a href=\"http:\/\/oliviapalermo.com\/\" target=\"_blank\" rel=\"noopener noreferrer\">Olivia Palermo<\/a>\u201d<span class=\"ez-toc-section-end\"><\/span><\/h2>\n<p><img decoding=\"async\" class=\"aligncenter size-full wp-image-12772\" src=\"https:\/\/www.mdirector.com\/wp-content\/uploads\/2022\/04\/olivia-palermo-1.png\" alt=\"blogueiras de moda: Olivia Palermo\" \/><\/p>\n<p>Esta blogueira \u00e9 conhecida por sua influ\u00eancia na alta sociedade nova-iorquina sendo que chegou a colaborar com grandes designers e personagens da moda como Chanel, Carolina Herrera ou Diane Von Furstenberg entre outros.<\/p>\n<p>Olivia Palermo marca tend\u00eancia com todo o que leva e al\u00e9m de sempre \u00e9 encontrada nas listas das mulheres melhores vestidas.<\/p>\n<p>Redes sociais: Segui-la em <a href=\"https:\/\/www.facebook.com\/OliviaPalermo\/\" target=\"_blank\" rel=\"noopener noreferrer\">Facebook<\/a>, em <a href=\"https:\/\/twitter.com\/OliviaPalermo\" target=\"_blank\" rel=\"noopener noreferrer\">Twitter<\/a>, em <a href=\"https:\/\/www.instagram.com\/accounts\/login\/?next=https%3A%2F%2Fwww.instagram.com%2Foliviapalermo%2F&amp;is_from_rle\" target=\"_blank\" rel=\"noopener noreferrer\">Instagram<\/a> e em <a href=\"https:\/\/es.pinterest.com\/oliviapalermo\/\" target=\"_blank\" rel=\"noopener noreferrer\">Pinterest<\/a><\/p>\n<h2><span class=\"ez-toc-section\" id=\"4-_Wendy_Nguyen_criadora_do_blog_%E2%80%9CWendy%C2%B4s_lookbook%E2%80%9D\"><\/span>4.- Wendy Nguyen, criadora do blog \u201c<a href=\"http:\/\/www.wendyslookbook.com\/\" target=\"_blank\" rel=\"noopener noreferrer\">Wendy\u00b4s lookbook<\/a>\u201d<span class=\"ez-toc-section-end\"><\/span><\/h2>\n<p><img decoding=\"async\" class=\"aligncenter size-full wp-image-12773\" src=\"https:\/\/www.mdirector.com\/wp-content\/uploads\/2022\/04\/wendys-lookbook-1.png\" alt=\"blogueiras de moda: Wendy's Lookbook\" \/><\/p>\n<p>Outra das blogueiras de moda estabelecida em Los Angeles. Tanto seu canal de Instagram como seu canal de Youtube superam os 600.000 assinantes e normalmente colabora com marcas de moda como Forever 21, Asos, Zara e com marcas de cal\u00e7ado como Gianvito Rossi.<\/p>\n<p>Al\u00e9m disso, recentemente lan\u00e7ou sua pr\u00f3pria revista digital chamada \u201cThe Frame\u201d onde mostra diferentes reportagens com propostas de moda.<\/p>\n<p>Redes sociais: Segui-la em <a href=\"https:\/\/www.facebook.com\/wendyslookbook\" target=\"_blank\" rel=\"noopener noreferrer\">Facebook<\/a>, em <a href=\"https:\/\/twitter.com\/wendynguyen\" target=\"_blank\" rel=\"noopener noreferrer\">Twitter<\/a>, em <a href=\"https:\/\/www.instagram.com\/accounts\/login\/?next=https%3A%2F%2Fwww.instagram.com%2Fwendyslookbook%2F&amp;is_from_rle\" target=\"_blank\" rel=\"noopener noreferrer\">Instagram<\/a> e em <a href=\"https:\/\/es.pinterest.com\/wendyslookbook\/\" target=\"_blank\" rel=\"noopener noreferrer\">Pinterest<\/a><\/p>\n<h2><span class=\"ez-toc-section\" id=\"5-_Nicolette_Mason_autora_do_blog_%E2%80%9CNicolette_Mason%E2%80%9D\"><\/span>5.- Nicolette Mason, autora do blog \u201c<a href=\"http:\/\/www.nicolettemason.com\/\" target=\"_blank\" rel=\"noopener noreferrer\">Nicolette Mason<\/a>\u201d<span class=\"ez-toc-section-end\"><\/span><\/h2>\n<p><img decoding=\"async\" class=\"aligncenter size-full wp-image-12774\" src=\"https:\/\/www.mdirector.com\/wp-content\/uploads\/2022\/04\/nicolette-mason-1.png\" alt=\"blogueiras de moda: Nicolette Mason\" \/><\/p>\n<p>\u00c9 uma das blogueiras de plus size mais conhecidas na ind\u00fastria de moda e muito reivindicada por linhas como Violetta de Mango.<\/p>\n<p>Conta com sua pr\u00f3pria cole\u00e7\u00e3o de moda e \u00e9 muito reconhecida nos Estados Unidos onde participa de programas t\u00e3o populares como \u201cGood Morning America\u201d.<\/p>\n<p>Redes sociais: Segui-la em <a href=\"https:\/\/www.facebook.com\/NicoletteMasonBlog\/\" target=\"_blank\" rel=\"noopener noreferrer\">Facebook<\/a>, em <a href=\"https:\/\/twitter.com\/nicolettemason\" target=\"_blank\" rel=\"noopener noreferrer\">Twitter<\/a>, em <a href=\"https:\/\/www.instagram.com\/accounts\/login\/?next=https%3A%2F%2Fwww.instagram.com%2Fnicolettemason%2F&amp;is_from_rle\" target=\"_blank\" rel=\"noopener noreferrer\">Instagram<\/a> e em <a href=\"https:\/\/es.pinterest.com\/nicolettemason\/\" target=\"_blank\" rel=\"noopener noreferrer\">Pinterest<\/a><\/p>\n<h2><span class=\"ez-toc-section\" id=\"6-_Julie_Sarinana_e_seu_blog_%E2%80%9CSincerely_Jules%E2%80%9D\"><\/span>6.- Julie Sari\u00f1ana e seu blog \u201c<a href=\"http:\/\/sincerelyjules.com\/\" target=\"_blank\" rel=\"noopener noreferrer\">Sincerely, Jules<\/a>\u201d<span class=\"ez-toc-section-end\"><\/span><\/h2>\n<p><img decoding=\"async\" class=\"aligncenter wp-image-12777 size-full\" src=\"https:\/\/www.mdirector.com\/wp-content\/uploads\/2022\/04\/sincerely-jules-1.png\" alt=\"blogueiras de moda: Sincerely jules\" width=\"886\" height=\"440\" \/><\/p>\n<p>Julie, californiana, come\u00e7ou com seu blog h\u00e1 5 anos atr\u00e1s e hoje em dia conta com uma marca pr\u00f3pria de camisetas. Seu estilo di\u00e1rio \u00e9 fresco e ousado, isto ajudou a conseguir mais de 3 milh\u00f5es de seguidores em Instagram. Tem colaborado com grandes armaz\u00e9ns como Nordstrom ou marcas de joias como LoveGold.<\/p>\n<p>Redes sociais: Segui-la em <a href=\"https:\/\/twitter.com\/sincerelyJules\" target=\"_blank\" rel=\"noopener noreferrer\">Twitter<\/a>, em <a href=\"https:\/\/www.instagram.com\/accounts\/login\/?next=https%3A%2F%2Fwww.instagram.com%2Fsincerelyjules%2F&amp;is_from_rle\" target=\"_blank\" rel=\"noopener noreferrer\">Instagram<\/a> e em <a href=\"https:\/\/es.pinterest.com\/sincerelyjules1\/\" target=\"_blank\" rel=\"noopener noreferrer\">Pinterest<\/a><\/p>\n<h2><span class=\"ez-toc-section\" id=\"7-_Negin_Mirsalehi_autora_del_blog_%E2%80%9CNegin_Mirsalehi%E2%80%9D\"><\/span>7.- Negin Mirsalehi, autora del blog \u00a0\u201c<a href=\"http:\/\/neginmirsalehi.com\/\" target=\"_blank\" rel=\"noopener noreferrer\">Negin Mirsalehi<\/a>\u201d<span class=\"ez-toc-section-end\"><\/span><\/h2>\n<p><img decoding=\"async\" class=\"aligncenter size-full wp-image-12778\" src=\"https:\/\/www.mdirector.com\/wp-content\/uploads\/2022\/04\/negi-mirsalehi-1.png\" alt=\"blogueiras de moda: Negi Mirsalehi\" \/><\/p>\n<p>Esta jovem holandesa converteu-se em uma das rainhas de Instagram com quase 3 milh\u00f5es de seguidores gra\u00e7as a seu bom gosto ao vestir-se. Particularmente tira um grande proveito tamb\u00e9m a seu precioso cabelo castanho e em seu blog al\u00e9m de mostrar diferentes estilos, comenta truques de moda e de cuidado do cabelo.<\/p>\n<p>Redes sociais: Segui-la em <a href=\"https:\/\/www.facebook.com\/Negin.Mirsalehi.Official\" target=\"_blank\" rel=\"noopener noreferrer\">Facebook<\/a>, em <a href=\"https:\/\/twitter.com\/NeginMirsalehi1\" target=\"_blank\" rel=\"noopener noreferrer\">Twitter<\/a>, em <a href=\"https:\/\/www.instagram.com\/negin_mirsalehi\/\" target=\"_blank\" rel=\"noopener noreferrer\">Instagram<\/a> e em <a href=\"https:\/\/es.pinterest.com\/neginmirsalehi\/\" target=\"_blank\" rel=\"noopener noreferrer\">Pinterest<\/a><\/p>\n<h2><span class=\"ez-toc-section\" id=\"8-_Alexandra_Pereira_e_seu_blog_%E2%80%9CLovely_Pepa%E2%80%9D\"><\/span>8.- Alexandra Pereira e seu blog \u201c<a href=\"http:\/\/lovely-pepa.com\/\" target=\"_blank\" rel=\"noopener noreferrer\">Lovely Pepa<\/a>\u201d<span class=\"ez-toc-section-end\"><\/span><\/h2>\n<p><img decoding=\"async\" class=\"aligncenter size-full wp-image-12779\" src=\"https:\/\/www.mdirector.com\/wp-content\/uploads\/2022\/04\/lovely-pepa-1.png\" alt=\"lovely-pepa\" \/><\/p>\n<p>Alexandra Pereira, ali\u00e1s \u201cLovely Pepa\u201d \u00e9 uma das principais blogueiras de moda a n\u00edvel nacional. A jovem viguesa conseguiu ser uma das grandes referentes em moda do pa\u00eds e de Europa. Conta com mais de um milh\u00e3o de seguidores em Instagram e tem colaborado com grandes marcas como por exemplo Tommy Hilfiger. Hoje em dia, as grandes marcas de beleza e moda a buscam.<\/p>\n<p>Redes sociais: Segui-la em <a href=\"https:\/\/www.facebook.com\/LovelyPepaBlog\" target=\"_blank\" rel=\"noopener noreferrer\">Facebook<\/a>, em <a href=\"https:\/\/twitter.com\/LOVELYPEPA\" target=\"_blank\" rel=\"noopener noreferrer\">Twitter<\/a>, em <a href=\"https:\/\/www.instagram.com\/accounts\/login\/?next=https%3A%2F%2Fwww.instagram.com%2Flovelypepa%2F&amp;is_from_rle\" target=\"_blank\" rel=\"noopener noreferrer\">Instagram<\/a> e em <a href=\"https:\/\/es.pinterest.com\/lovelypepablog\/\" target=\"_blank\" rel=\"noopener noreferrer\">Pinterest<\/a><\/p>\n<h2><span class=\"ez-toc-section\" id=\"9-_Aida_Domenech_criadora_do_blog_%E2%80%9CDulceida%E2%80%9D\"><\/span>9.- Aida Domenech, criadora do blog \u201c<a href=\"http:\/\/www.dulceida.com\/\" target=\"_blank\" rel=\"noopener noreferrer\">Dulceida<\/a>\u201d<span class=\"ez-toc-section-end\"><\/span><\/h2>\n<p><img decoding=\"async\" class=\"aligncenter size-full wp-image-12780\" src=\"https:\/\/www.mdirector.com\/wp-content\/uploads\/2022\/04\/dulceida-1.jpg\" alt=\"blogueiras de moda: Dulceida\" \/><\/p>\n<p>Outro dos nomes que come\u00e7a a soa forte no munda da moda a n\u00edvel nacional. Tem usado a seus seguidores a mostrar looks \u201ccom onda\u201d, onde nunca faltam as cal\u00e7as desgastadas e uma boa \u201cjaqueta\u201d de couro.<\/p>\n<p>Redes sociais: Segui-la em <a href=\"https:\/\/www.facebook.com\/dulceidablog\/\" target=\"_blank\" rel=\"noopener noreferrer\">Facebook<\/a>, em <a href=\"https:\/\/twitter.com\/AidaDomenech\" target=\"_blank\" rel=\"noopener noreferrer\">Twitter<\/a> e em <a href=\"https:\/\/www.instagram.com\/accounts\/login\/?next=https%3A%2F%2Fwww.instagram.com%2Fdulceida%2F&amp;is_from_rle\" target=\"_blank\" rel=\"noopener noreferrer\">Instagram<\/a><\/p>\n<h2><span class=\"ez-toc-section\" id=\"10-_Gala_Gonzalez_a_blogueira_espanhola_mais_famosa_por_seu_blog_%E2%80%9CAmlul%E2%80%9D\"><\/span>10.- Gala Gonz\u00e1lez, a blogueira espanhola mais famosa por seu blog \u201c<a href=\"http:\/\/www.amlul.com\/\" target=\"_blank\" rel=\"noopener noreferrer\">Amlul<\/a>\u201d<span class=\"ez-toc-section-end\"><\/span><\/h2>\n<p><img decoding=\"async\" class=\"aligncenter size-full wp-image-12781\" src=\"https:\/\/www.mdirector.com\/wp-content\/uploads\/2022\/04\/amlul-1.png\" alt=\"amlul\" \/><\/p>\n<p>\u00c9 outra das influenciadoras de moda mais conhecida a n\u00edvel nacional. Al\u00e9m disso, est\u00e1 considera a blogueira internacional com o cach\u00ea mais alto de Espanha. Conta com quase 600.000 seguidores em Instagram.<\/p>\n<p>Redes sociais: Segui-la em <a href=\"https:\/\/www.facebook.com\/amlul\" target=\"_blank\" rel=\"noopener noreferrer\">Facebook<\/a>, em <a href=\"https:\/\/twitter.com\/GalaGonzalez\" target=\"_blank\" rel=\"noopener noreferrer\">Twitter<\/a>, em <a href=\"https:\/\/www.instagram.com\/accounts\/login\/?next=https%3A%2F%2Fwww.instagram.com%2Fgalagonzalez%2F&amp;is_from_rle\" target=\"_blank\" rel=\"noopener noreferrer\">Instagram<\/a> e em <a href=\"https:\/\/es.pinterest.com\/estel_serrats\/gala-gonzalez-amlul\/\" target=\"_blank\" rel=\"noopener noreferrer\">Pinterest<\/a><\/p>\n<p>Como voc\u00ea v\u00ea, as redes sociais est\u00e3o modificando a forma de comunicar de muitas marcas de estilo de vida e moda. Estas marcas influenciam o que voc\u00ea pensa, em como se atua e claro em como voc\u00ea se veste.<\/p>\n<p>As blogueiras de moda tornaram-se um ponto de refer\u00eancia para o grande p\u00fablico e todo o que \u00e9 mostrado converte-se em tend\u00eancia. Para isso, tornaram-se em especialistas de marketing digital, um campo que as marcas de moda n\u00e3o estavam cuidando adequadamente. As influenciadoras de moda t\u00eam aproveitado esta oportunidade potenciando o uso de todas as ferramentas de marketing digital a sua disposi\u00e7\u00e3o, desde seus blogs ou espa\u00e7os em redes sociais at\u00e9 o e-mail marketing ou inclusive a gera\u00e7\u00e3o de landing pages espec\u00edficas para as marcas em que s\u00e3o embaixadores.<\/p>\n<p>Agora mesmo voc\u00ea pode ter todo seu marketing digital em um \u00fanico lugar. <a href=\"https:\/\/www.mdirector.com.br\/signup-email-marketing\/?origin=WEB_blog_PT_blogueiras_moda_tendencias\">Quer provas MDirector, a primeira e \u00fanica ferramenta de Email Marketing e Marketing Automation?<\/a><\/p>\n","protected":false},"excerpt":{"rendered":"<p>As marcas entenderam o poder e influ\u00eancia dos blogueiros de moda, que popularizaram a comunica\u00e7\u00e3o em um setor onde at\u00e9 pouco tempo estava aprisionado nas opini\u00f5es de alguns quantos especialistas. Com isso convergiram duas tend\u00eancias: [&hellip;]<\/p>\n","protected":false},"author":2,"featured_media":21449,"comment_status":"open","ping_status":"open","sticky":false,"template":"","format":"standard","meta":{"_lmt_disableupdate":"","_lmt_disable":"","rating_form_position":"","rating_results_position":"","mr_structured_data_type":"","footnotes":""},"categories":[1898,1894],"tags":[],"class_list":["post-118090","post","type-post","status-publish","format-standard","has-post-thumbnail","hentry","category-marketing-digital","category-mdirector"],"acf":[],"yoast_head":"<!-- This site is optimized with the Yoast SEO plugin v25.3 - https:\/\/yoast.com\/wordpress\/plugins\/seo\/ -->\n<title>10 blogueiras de moda que marcam tend\u00eancias<\/title>\n<meta name=\"description\" content=\"As marcas entenderam o poder e influ\u00eancia dos blogueiros de moda, que popularizaram a comunica\u00e7\u00e3o em um setor onde at\u00e9 pouco tempo estava aprisionado nas\" \/>\n<meta name=\"robots\" content=\"noindex, nofollow\" \/>\n<meta property=\"og:locale\" content=\"pt_PT\" \/>\n<meta property=\"og:type\" content=\"article\" \/>\n<meta property=\"og:title\" content=\"10 blogueiras de moda que marcam tend\u00eancias\" \/>\n<meta property=\"og:description\" content=\"As marcas entenderam o poder e influ\u00eancia dos blogueiros de moda, que popularizaram a comunica\u00e7\u00e3o em um setor onde at\u00e9 pouco tempo estava aprisionado nas\" \/>\n<meta property=\"og:url\" content=\"https:\/\/www.mdirector.com\/pt\/blog\/blogueiras-moda-marcam-tendencias\/\" \/>\n<meta property=\"og:site_name\" content=\"MDirector\" \/>\n<meta property=\"article:publisher\" content=\"https:\/\/www.facebook.com\/MDirector.es\" \/>\n<meta property=\"article:published_time\" content=\"2016-02-28T23:00:00+00:00\" \/>\n<meta property=\"article:modified_time\" content=\"2024-04-30T06:38:20+00:00\" \/>\n<meta property=\"og:image\" content=\"https:\/\/www.mdirector.com\/wp-content\/uploads\/2022\/04\/653x493.png\" \/>\n\t<meta property=\"og:image:width\" content=\"653\" \/>\n\t<meta property=\"og:image:height\" content=\"493\" \/>\n\t<meta property=\"og:image:type\" content=\"image\/png\" \/>\n<meta name=\"author\" content=\"NewsMDirector\" \/>\n<meta name=\"twitter:card\" content=\"summary_large_image\" \/>\n<meta name=\"twitter:creator\" content=\"@emailMDirector\" \/>\n<meta name=\"twitter:site\" content=\"@emailMDirector\" \/>\n<meta name=\"twitter:label1\" content=\"Written by\" \/>\n\t<meta name=\"twitter:data1\" content=\"NewsMDirector\" \/>\n\t<meta name=\"twitter:label2\" content=\"Est. reading time\" \/>\n\t<meta name=\"twitter:data2\" content=\"6 minutes\" \/>\n<script type=\"application\/ld+json\" class=\"yoast-schema-graph\">{\"@context\":\"https:\/\/schema.org\",\"@graph\":[{\"@type\":\"Article\",\"@id\":\"https:\/\/www.mdirector.com\/pt\/blog\/blogueiras-moda-marcam-tendencias\/#article\",\"isPartOf\":{\"@id\":\"https:\/\/www.mdirector.com\/pt\/blog\/blogueiras-moda-marcam-tendencias\/\"},\"author\":{\"name\":\"NewsMDirector\",\"@id\":\"https:\/\/www.mdirector.com\/pt\/#\/schema\/person\/d91d62ca88afe0ab43d79d7fadc367b5\"},\"headline\":\"10 blogueiras de moda que marcam tend\u00eancias\",\"datePublished\":\"2016-02-28T23:00:00+00:00\",\"dateModified\":\"2024-04-30T06:38:20+00:00\",\"mainEntityOfPage\":{\"@id\":\"https:\/\/www.mdirector.com\/pt\/blog\/blogueiras-moda-marcam-tendencias\/\"},\"wordCount\":1145,\"commentCount\":0,\"publisher\":{\"@id\":\"https:\/\/www.mdirector.com\/pt\/#organization\"},\"image\":{\"@id\":\"https:\/\/www.mdirector.com\/pt\/blog\/blogueiras-moda-marcam-tendencias\/#primaryimage\"},\"thumbnailUrl\":\"https:\/\/www.mdirector.com\/wp-content\/uploads\/2022\/04\/653x493.png\",\"articleSection\":[\"Marketing Digital\",\"MDirector\"],\"inLanguage\":\"pt\",\"potentialAction\":[{\"@type\":\"CommentAction\",\"name\":\"Comment\",\"target\":[\"https:\/\/www.mdirector.com\/pt\/blog\/blogueiras-moda-marcam-tendencias\/#respond\"]}]},{\"@type\":\"WebPage\",\"@id\":\"https:\/\/www.mdirector.com\/pt\/blog\/blogueiras-moda-marcam-tendencias\/\",\"url\":\"https:\/\/www.mdirector.com\/pt\/blog\/blogueiras-moda-marcam-tendencias\/\",\"name\":\"10 blogueiras de moda que marcam tend\u00eancias\",\"isPartOf\":{\"@id\":\"https:\/\/www.mdirector.com\/pt\/#website\"},\"primaryImageOfPage\":{\"@id\":\"https:\/\/www.mdirector.com\/pt\/blog\/blogueiras-moda-marcam-tendencias\/#primaryimage\"},\"image\":{\"@id\":\"https:\/\/www.mdirector.com\/pt\/blog\/blogueiras-moda-marcam-tendencias\/#primaryimage\"},\"thumbnailUrl\":\"https:\/\/www.mdirector.com\/wp-content\/uploads\/2022\/04\/653x493.png\",\"datePublished\":\"2016-02-28T23:00:00+00:00\",\"dateModified\":\"2024-04-30T06:38:20+00:00\",\"description\":\"As marcas entenderam o poder e influ\u00eancia dos blogueiros de moda, que popularizaram a comunica\u00e7\u00e3o em um setor onde at\u00e9 pouco tempo estava aprisionado nas\",\"breadcrumb\":{\"@id\":\"https:\/\/www.mdirector.com\/pt\/blog\/blogueiras-moda-marcam-tendencias\/#breadcrumb\"},\"inLanguage\":\"pt\",\"potentialAction\":[{\"@type\":\"ReadAction\",\"target\":[\"https:\/\/www.mdirector.com\/pt\/blog\/blogueiras-moda-marcam-tendencias\/\"]}]},{\"@type\":\"ImageObject\",\"inLanguage\":\"pt\",\"@id\":\"https:\/\/www.mdirector.com\/pt\/blog\/blogueiras-moda-marcam-tendencias\/#primaryimage\",\"url\":\"https:\/\/www.mdirector.com\/wp-content\/uploads\/2022\/04\/653x493.png\",\"contentUrl\":\"https:\/\/www.mdirector.com\/wp-content\/uploads\/2022\/04\/653x493.png\",\"width\":653,\"height\":493},{\"@type\":\"BreadcrumbList\",\"@id\":\"https:\/\/www.mdirector.com\/pt\/blog\/blogueiras-moda-marcam-tendencias\/#breadcrumb\",\"itemListElement\":[{\"@type\":\"ListItem\",\"position\":1,\"name\":\"Inicio\",\"item\":\"https:\/\/www.mdirector.com\/pt\/\"},{\"@type\":\"ListItem\",\"position\":2,\"name\":\"Marketing Digital\",\"item\":\"https:\/\/www.mdirector.com\/pt\/blog\/marketing-digital\/\"},{\"@type\":\"ListItem\",\"position\":3,\"name\":\"10 blogueiras de moda que marcam tend\u00eancias\"}]},{\"@type\":\"WebSite\",\"@id\":\"https:\/\/www.mdirector.com\/pt\/#website\",\"url\":\"https:\/\/www.mdirector.com\/pt\/\",\"name\":\"MDirector\",\"description\":\"\",\"publisher\":{\"@id\":\"https:\/\/www.mdirector.com\/pt\/#organization\"},\"potentialAction\":[{\"@type\":\"SearchAction\",\"target\":{\"@type\":\"EntryPoint\",\"urlTemplate\":\"https:\/\/www.mdirector.com\/pt\/?s={search_term_string}\"},\"query-input\":{\"@type\":\"PropertyValueSpecification\",\"valueRequired\":true,\"valueName\":\"search_term_string\"}}],\"inLanguage\":\"pt\"},{\"@type\":\"Organization\",\"@id\":\"https:\/\/www.mdirector.com\/pt\/#organization\",\"name\":\"MDirector\",\"url\":\"https:\/\/www.mdirector.com\/pt\/\",\"logo\":{\"@type\":\"ImageObject\",\"inLanguage\":\"pt\",\"@id\":\"https:\/\/www.mdirector.com\/pt\/#\/schema\/logo\/image\/\",\"url\":\"https:\/\/www.mdirector.com\/wp-content\/uploads\/2023\/01\/mdirectorbimi-ok23-tiny-ps.svg\",\"contentUrl\":\"https:\/\/www.mdirector.com\/wp-content\/uploads\/2023\/01\/mdirectorbimi-ok23-tiny-ps.svg\",\"width\":401,\"height\":401,\"caption\":\"MDirector\"},\"image\":{\"@id\":\"https:\/\/www.mdirector.com\/pt\/#\/schema\/logo\/image\/\"},\"sameAs\":[\"https:\/\/www.facebook.com\/MDirector.es\",\"https:\/\/x.com\/emailMDirector\",\"https:\/\/www.linkedin.com\/company\/1373906\/\"]},{\"@type\":\"Person\",\"@id\":\"https:\/\/www.mdirector.com\/pt\/#\/schema\/person\/d91d62ca88afe0ab43d79d7fadc367b5\",\"name\":\"NewsMDirector\",\"image\":{\"@type\":\"ImageObject\",\"inLanguage\":\"pt\",\"@id\":\"https:\/\/www.mdirector.com\/pt\/#\/schema\/person\/image\/\",\"url\":\"https:\/\/secure.gravatar.com\/avatar\/56aaa057e6c30e70ef9a4db165a17832a7661affd8b3677bf17f63d57e8adf60?s=96&d=mm&r=g\",\"contentUrl\":\"https:\/\/secure.gravatar.com\/avatar\/56aaa057e6c30e70ef9a4db165a17832a7661affd8b3677bf17f63d57e8adf60?s=96&d=mm&r=g\",\"caption\":\"NewsMDirector\"},\"description\":\"Equipo de Redacci\u00f3n de MDirector\",\"sameAs\":[\"https:\/\/www.linkedin.com\/company\/1373906\"],\"url\":\"https:\/\/www.mdirector.com\/pt\/author\/newsmdirector\/\"}]}<\/script>\n<!-- \/ Yoast SEO plugin. -->","yoast_head_json":{"title":"10 blogueiras de moda que marcam tend\u00eancias","description":"As marcas entenderam o poder e influ\u00eancia dos blogueiros de moda, que popularizaram a comunica\u00e7\u00e3o em um setor onde at\u00e9 pouco tempo estava aprisionado nas","robots":{"index":"noindex","follow":"nofollow"},"og_locale":"pt_PT","og_type":"article","og_title":"10 blogueiras de moda que marcam tend\u00eancias","og_description":"As marcas entenderam o poder e influ\u00eancia dos blogueiros de moda, que popularizaram a comunica\u00e7\u00e3o em um setor onde at\u00e9 pouco tempo estava aprisionado nas","og_url":"https:\/\/www.mdirector.com\/pt\/blog\/blogueiras-moda-marcam-tendencias\/","og_site_name":"MDirector","article_publisher":"https:\/\/www.facebook.com\/MDirector.es","article_published_time":"2016-02-28T23:00:00+00:00","article_modified_time":"2024-04-30T06:38:20+00:00","og_image":[{"width":653,"height":493,"url":"https:\/\/www.mdirector.com\/wp-content\/uploads\/2022\/04\/653x493.png","type":"image\/png"}],"author":"NewsMDirector","twitter_card":"summary_large_image","twitter_creator":"@emailMDirector","twitter_site":"@emailMDirector","twitter_misc":{"Written by":"NewsMDirector","Est. reading time":"6 minutes"},"schema":{"@context":"https:\/\/schema.org","@graph":[{"@type":"Article","@id":"https:\/\/www.mdirector.com\/pt\/blog\/blogueiras-moda-marcam-tendencias\/#article","isPartOf":{"@id":"https:\/\/www.mdirector.com\/pt\/blog\/blogueiras-moda-marcam-tendencias\/"},"author":{"name":"NewsMDirector","@id":"https:\/\/www.mdirector.com\/pt\/#\/schema\/person\/d91d62ca88afe0ab43d79d7fadc367b5"},"headline":"10 blogueiras de moda que marcam tend\u00eancias","datePublished":"2016-02-28T23:00:00+00:00","dateModified":"2024-04-30T06:38:20+00:00","mainEntityOfPage":{"@id":"https:\/\/www.mdirector.com\/pt\/blog\/blogueiras-moda-marcam-tendencias\/"},"wordCount":1145,"commentCount":0,"publisher":{"@id":"https:\/\/www.mdirector.com\/pt\/#organization"},"image":{"@id":"https:\/\/www.mdirector.com\/pt\/blog\/blogueiras-moda-marcam-tendencias\/#primaryimage"},"thumbnailUrl":"https:\/\/www.mdirector.com\/wp-content\/uploads\/2022\/04\/653x493.png","articleSection":["Marketing Digital","MDirector"],"inLanguage":"pt","potentialAction":[{"@type":"CommentAction","name":"Comment","target":["https:\/\/www.mdirector.com\/pt\/blog\/blogueiras-moda-marcam-tendencias\/#respond"]}]},{"@type":"WebPage","@id":"https:\/\/www.mdirector.com\/pt\/blog\/blogueiras-moda-marcam-tendencias\/","url":"https:\/\/www.mdirector.com\/pt\/blog\/blogueiras-moda-marcam-tendencias\/","name":"10 blogueiras de moda que marcam tend\u00eancias","isPartOf":{"@id":"https:\/\/www.mdirector.com\/pt\/#website"},"primaryImageOfPage":{"@id":"https:\/\/www.mdirector.com\/pt\/blog\/blogueiras-moda-marcam-tendencias\/#primaryimage"},"image":{"@id":"https:\/\/www.mdirector.com\/pt\/blog\/blogueiras-moda-marcam-tendencias\/#primaryimage"},"thumbnailUrl":"https:\/\/www.mdirector.com\/wp-content\/uploads\/2022\/04\/653x493.png","datePublished":"2016-02-28T23:00:00+00:00","dateModified":"2024-04-30T06:38:20+00:00","description":"As marcas entenderam o poder e influ\u00eancia dos blogueiros de moda, que popularizaram a comunica\u00e7\u00e3o em um setor onde at\u00e9 pouco tempo estava aprisionado nas","breadcrumb":{"@id":"https:\/\/www.mdirector.com\/pt\/blog\/blogueiras-moda-marcam-tendencias\/#breadcrumb"},"inLanguage":"pt","potentialAction":[{"@type":"ReadAction","target":["https:\/\/www.mdirector.com\/pt\/blog\/blogueiras-moda-marcam-tendencias\/"]}]},{"@type":"ImageObject","inLanguage":"pt","@id":"https:\/\/www.mdirector.com\/pt\/blog\/blogueiras-moda-marcam-tendencias\/#primaryimage","url":"https:\/\/www.mdirector.com\/wp-content\/uploads\/2022\/04\/653x493.png","contentUrl":"https:\/\/www.mdirector.com\/wp-content\/uploads\/2022\/04\/653x493.png","width":653,"height":493},{"@type":"BreadcrumbList","@id":"https:\/\/www.mdirector.com\/pt\/blog\/blogueiras-moda-marcam-tendencias\/#breadcrumb","itemListElement":[{"@type":"ListItem","position":1,"name":"Inicio","item":"https:\/\/www.mdirector.com\/pt\/"},{"@type":"ListItem","position":2,"name":"Marketing Digital","item":"https:\/\/www.mdirector.com\/pt\/blog\/marketing-digital\/"},{"@type":"ListItem","position":3,"name":"10 blogueiras de moda que marcam tend\u00eancias"}]},{"@type":"WebSite","@id":"https:\/\/www.mdirector.com\/pt\/#website","url":"https:\/\/www.mdirector.com\/pt\/","name":"MDirector","description":"","publisher":{"@id":"https:\/\/www.mdirector.com\/pt\/#organization"},"potentialAction":[{"@type":"SearchAction","target":{"@type":"EntryPoint","urlTemplate":"https:\/\/www.mdirector.com\/pt\/?s={search_term_string}"},"query-input":{"@type":"PropertyValueSpecification","valueRequired":true,"valueName":"search_term_string"}}],"inLanguage":"pt"},{"@type":"Organization","@id":"https:\/\/www.mdirector.com\/pt\/#organization","name":"MDirector","url":"https:\/\/www.mdirector.com\/pt\/","logo":{"@type":"ImageObject","inLanguage":"pt","@id":"https:\/\/www.mdirector.com\/pt\/#\/schema\/logo\/image\/","url":"https:\/\/www.mdirector.com\/wp-content\/uploads\/2023\/01\/mdirectorbimi-ok23-tiny-ps.svg","contentUrl":"https:\/\/www.mdirector.com\/wp-content\/uploads\/2023\/01\/mdirectorbimi-ok23-tiny-ps.svg","width":401,"height":401,"caption":"MDirector"},"image":{"@id":"https:\/\/www.mdirector.com\/pt\/#\/schema\/logo\/image\/"},"sameAs":["https:\/\/www.facebook.com\/MDirector.es","https:\/\/x.com\/emailMDirector","https:\/\/www.linkedin.com\/company\/1373906\/"]},{"@type":"Person","@id":"https:\/\/www.mdirector.com\/pt\/#\/schema\/person\/d91d62ca88afe0ab43d79d7fadc367b5","name":"NewsMDirector","image":{"@type":"ImageObject","inLanguage":"pt","@id":"https:\/\/www.mdirector.com\/pt\/#\/schema\/person\/image\/","url":"https:\/\/secure.gravatar.com\/avatar\/56aaa057e6c30e70ef9a4db165a17832a7661affd8b3677bf17f63d57e8adf60?s=96&d=mm&r=g","contentUrl":"https:\/\/secure.gravatar.com\/avatar\/56aaa057e6c30e70ef9a4db165a17832a7661affd8b3677bf17f63d57e8adf60?s=96&d=mm&r=g","caption":"NewsMDirector"},"description":"Equipo de Redacci\u00f3n de MDirector","sameAs":["https:\/\/www.linkedin.com\/company\/1373906"],"url":"https:\/\/www.mdirector.com\/pt\/author\/newsmdirector\/"}]}},"modified_by":null,"multi-rating":{"mr_rating_results":[]},"amp_enabled":true,"_links":{"self":[{"href":"https:\/\/www.mdirector.com\/pt\/wp-json\/wp\/v2\/posts\/118090","targetHints":{"allow":["GET"]}}],"collection":[{"href":"https:\/\/www.mdirector.com\/pt\/wp-json\/wp\/v2\/posts"}],"about":[{"href":"https:\/\/www.mdirector.com\/pt\/wp-json\/wp\/v2\/types\/post"}],"author":[{"embeddable":true,"href":"https:\/\/www.mdirector.com\/pt\/wp-json\/wp\/v2\/users\/2"}],"replies":[{"embeddable":true,"href":"https:\/\/www.mdirector.com\/pt\/wp-json\/wp\/v2\/comments?post=118090"}],"version-history":[{"count":0,"href":"https:\/\/www.mdirector.com\/pt\/wp-json\/wp\/v2\/posts\/118090\/revisions"}],"wp:featuredmedia":[{"embeddable":true,"href":"https:\/\/www.mdirector.com\/pt\/wp-json\/wp\/v2\/media\/21449"}],"wp:attachment":[{"href":"https:\/\/www.mdirector.com\/pt\/wp-json\/wp\/v2\/media?parent=118090"}],"wp:term":[{"taxonomy":"category","embeddable":true,"href":"https:\/\/www.mdirector.com\/pt\/wp-json\/wp\/v2\/categories?post=118090"},{"taxonomy":"post_tag","embeddable":true,"href":"https:\/\/www.mdirector.com\/pt\/wp-json\/wp\/v2\/tags?post=118090"}],"curies":[{"name":"wp","href":"https:\/\/api.w.org\/{rel}","templated":true}]}}