{"id":118651,"date":"2017-01-03T00:00:00","date_gmt":"2017-01-02T23:00:00","guid":{"rendered":"https:\/\/www.mdirector.com\/2017\/02\/17\/calendario-2017-de-datas-importantes-para-seu-plano-de-marketing\/"},"modified":"2022-04-19T13:49:08","modified_gmt":"2022-04-19T11:49:08","slug":"calendario-marketing-2017","status":"publish","type":"post","link":"https:\/\/www.mdirector.com\/pt\/blog\/calendario-marketing-2017\/","title":{"rendered":"Calend\u00e1rio 2017 de datas importantes para seu plano de marketing"},"content":{"rendered":"<div style=\"margin-top: 0px; margin-bottom: 0px;\" class=\"sharethis-inline-share-buttons\" ><\/div><p><link rel=\"preload\" as=\"image\" href=\"https:\/\/www.mdirector.com\/wp-content\/uploads\/2022\/04\/calendario-2017-plan-marketing-pt.jpg\" imagesizes=\"(max-width: 1100px) 100vw, 1100px\" \/><img decoding=\"async\" class=\"aligncenter wp-image-39988 size-full\" src=\"https:\/\/www.mdirector.com\/wp-content\/uploads\/2022\/04\/calendario-2017-plan-marketing-pt.jpg\" alt=\"calend\u00e1rio de marketing de 2017\" width=\"785\" height=\"1830\" \/><\/p>\n<p>Recentemente come\u00e7ou ou ano e \u00e9 <strong>o momento perfeito para incluir no calend\u00e1rio de marketing de 2017 os projetos que est\u00e1 por vir<\/strong>. Seguro que entre seus prop\u00f3sitos de ano novo est\u00e1 o de ver como seu neg\u00f3cio cresce e cumpre seus objetivos.<\/p>\n<p>Para te ajudar, propomos algumas datas a ter em conta a elabora\u00e7\u00e3o de um calend\u00e1rio de marketing de 2017. Uma ferramenta perfeita para possa ir preparando as datas mais importantes do ano que come\u00e7ou. Desta maneira, nenhuma delas vai pegar voc\u00ea desprevenido.<\/p>\n<p>Como voc\u00ea sabe, um bom planejamento \u00e9 essencial para que suas campanhas tenham sucesso. Se deseja que o ano de 2017 seja produtivo, recomendamos que comece a organizar as a\u00e7\u00f5es que desenvolver\u00e1 nos pr\u00f3ximos meses. Um bom respons\u00e1vel de marketing deve estar preparado durante todo o ano para a chegada das datas especiais: Aquelas que impulsionam as compras e se encontram as oportunidades de aumentar as vendas.<\/p>\n<p>Um calend\u00e1rio de marketing de 2017 \u00e9 uma das melhores ferramentas com a que voc\u00ea pode contar. <strong>O planejamento permitir\u00e1 voc\u00ea reduzir muitos custos. Poder\u00e1 inclusive preparar planos de crises por se algo falha<\/strong>. A seguir identificamos uma lista de datas importantes do ano que deve aproveitar para aumentar suas vendas.<\/p>\n<div id=\"ez-toc-container\" class=\"ez-toc-v2_0_74 counter-hierarchy ez-toc-counter ez-toc-grey ez-toc-container-direction\">\n<div class=\"ez-toc-title-container\">\n<p class=\"ez-toc-title\" style=\"cursor:inherit\">\u00cdNDICE DE CONTE\u00daDOS<\/p>\n<span class=\"ez-toc-title-toggle\"><\/span><\/div>\n<nav><ul class='ez-toc-list ez-toc-list-level-1 ' ><li class='ez-toc-page-1 ez-toc-heading-level-2'><a class=\"ez-toc-link ez-toc-heading-1\" href=\"https:\/\/www.mdirector.com\/pt\/blog\/calendario-marketing-2017\/#Calendario_de_marketing_de_2017\" >Calend\u00e1rio de marketing de 2017<\/a><ul class='ez-toc-list-level-3' ><li class='ez-toc-heading-level-3'><a class=\"ez-toc-link ez-toc-heading-2\" href=\"https:\/\/www.mdirector.com\/pt\/blog\/calendario-marketing-2017\/#1-_Janeiro\" >1.- Janeiro<\/a><\/li><li class='ez-toc-page-1 ez-toc-heading-level-3'><a class=\"ez-toc-link ez-toc-heading-3\" href=\"https:\/\/www.mdirector.com\/pt\/blog\/calendario-marketing-2017\/#2-_Fevereiro\" >2.- Fevereiro<\/a><\/li><li class='ez-toc-page-1 ez-toc-heading-level-3'><a class=\"ez-toc-link ez-toc-heading-4\" href=\"https:\/\/www.mdirector.com\/pt\/blog\/calendario-marketing-2017\/#3-_Marco\" >3.- Mar\u00e7o<\/a><\/li><li class='ez-toc-page-1 ez-toc-heading-level-3'><a class=\"ez-toc-link ez-toc-heading-5\" href=\"https:\/\/www.mdirector.com\/pt\/blog\/calendario-marketing-2017\/#4-_Abril\" >4.- Abril<\/a><\/li><li class='ez-toc-page-1 ez-toc-heading-level-3'><a class=\"ez-toc-link ez-toc-heading-6\" href=\"https:\/\/www.mdirector.com\/pt\/blog\/calendario-marketing-2017\/#5-_Maio\" >5.- Maio<\/a><\/li><li class='ez-toc-page-1 ez-toc-heading-level-3'><a class=\"ez-toc-link ez-toc-heading-7\" href=\"https:\/\/www.mdirector.com\/pt\/blog\/calendario-marketing-2017\/#6-_Junho\" >6.- Junho<\/a><\/li><li class='ez-toc-page-1 ez-toc-heading-level-3'><a class=\"ez-toc-link ez-toc-heading-8\" href=\"https:\/\/www.mdirector.com\/pt\/blog\/calendario-marketing-2017\/#7-_Julho\" >7.- Julho<\/a><\/li><li class='ez-toc-page-1 ez-toc-heading-level-3'><a class=\"ez-toc-link ez-toc-heading-9\" href=\"https:\/\/www.mdirector.com\/pt\/blog\/calendario-marketing-2017\/#8-_Agosto\" >8.- Agosto<\/a><\/li><li class='ez-toc-page-1 ez-toc-heading-level-3'><a class=\"ez-toc-link ez-toc-heading-10\" href=\"https:\/\/www.mdirector.com\/pt\/blog\/calendario-marketing-2017\/#9-_Setembro\" >9.- Setembro<\/a><\/li><li class='ez-toc-page-1 ez-toc-heading-level-3'><a class=\"ez-toc-link ez-toc-heading-11\" href=\"https:\/\/www.mdirector.com\/pt\/blog\/calendario-marketing-2017\/#10-_Outubro\" >10.- Outubro<\/a><\/li><li class='ez-toc-page-1 ez-toc-heading-level-3'><a class=\"ez-toc-link ez-toc-heading-12\" href=\"https:\/\/www.mdirector.com\/pt\/blog\/calendario-marketing-2017\/#11-_Novembro\" >11.- Novembro<\/a><\/li><li class='ez-toc-page-1 ez-toc-heading-level-3'><a class=\"ez-toc-link ez-toc-heading-13\" href=\"https:\/\/www.mdirector.com\/pt\/blog\/calendario-marketing-2017\/#12-_Dezembro\" >12.- Dezembro<\/a><\/li><\/ul><\/li><li class='ez-toc-page-1 ez-toc-heading-level-2'><a class=\"ez-toc-link ez-toc-heading-14\" href=\"https:\/\/www.mdirector.com\/pt\/blog\/calendario-marketing-2017\/#4_passos_para_ajustar_seu_calendario_de_marketing_de_2017\" >4 passos para ajustar seu calend\u00e1rio de marketing de 2017<\/a><ul class='ez-toc-list-level-3' ><li class='ez-toc-heading-level-3'><a class=\"ez-toc-link ez-toc-heading-15\" href=\"https:\/\/www.mdirector.com\/pt\/blog\/calendario-marketing-2017\/#1-_Tudo_depende_do_seu_setor\" >1.- Tudo depende do seu setor<\/a><\/li><li class='ez-toc-page-1 ez-toc-heading-level-3'><a class=\"ez-toc-link ez-toc-heading-16\" href=\"https:\/\/www.mdirector.com\/pt\/blog\/calendario-marketing-2017\/#2-_Planeje_suas_acoes\" >2.- Planeje suas a\u00e7\u00f5es<\/a><\/li><li class='ez-toc-page-1 ez-toc-heading-level-3'><a class=\"ez-toc-link ez-toc-heading-17\" href=\"https:\/\/www.mdirector.com\/pt\/blog\/calendario-marketing-2017\/#3-_Defina_um_orcamento\" >3.- Defina um or\u00e7amento<\/a><\/li><li class='ez-toc-page-1 ez-toc-heading-level-3'><a class=\"ez-toc-link ez-toc-heading-18\" href=\"https:\/\/www.mdirector.com\/pt\/blog\/calendario-marketing-2017\/#4-_Medir_e_analisar_os_resultados\" >4.- Medir e analisar os resultados<\/a><\/li><\/ul><\/li><\/ul><\/nav><\/div>\n<h2><span class=\"ez-toc-section\" id=\"Calendario_de_marketing_de_2017\"><\/span>Calend\u00e1rio de marketing de 2017<span class=\"ez-toc-section-end\"><\/span><\/h2>\n<h3><span class=\"ez-toc-section\" id=\"1-_Janeiro\"><\/span><strong>1.- Janeiro<\/strong><span class=\"ez-toc-section-end\"><\/span><\/h3>\n<div class=\"su-youtube su-u-responsive-media-yes\"><iframe width=\"700\" height=\"440\" src=\"https:\/\/www.youtube.com\/embed\/lVYD7S1Pyd4?autohide=2&amp;autoplay=0&amp;mute=0&amp;controls=1&amp;fs=1&amp;loop=0&amp;modestbranding=0&amp;rel=1&amp;showinfo=1&amp;theme=dark&amp;wmode=&amp;playsinline=0\" frameborder=\"0\" allowfullscreen allow=\"autoplay; encrypted-media; picture-in-picture\" title=\"\"><\/iframe><\/div>\n<ul>\n<li><strong>1 de janeiro<\/strong>: Ano Novo<\/li>\n<li><strong>1 de janeiro<\/strong>: Confraterniza\u00e7\u00e3o Universal<\/li>\n<li><strong>6 de janeiro<\/strong>: Dia de Reis. Muitos mant\u00eam que o Dia de Reis \u00e9 uma data inadequada para lan\u00e7ar uma campanha de marketing. No dia de Reis s\u00e3o feitos muitos presentes. Somente tem que converter em uma op\u00e7\u00e3o mais para seus clientes<\/li>\n<li><b>16 de janeiro:<\/b><span style=\"font-weight: 400;\"> Dia de Martin Luther King Jr<\/span><\/li>\n<li><strong>19 de janeiro<\/strong>: Dia mundial da neve<\/li>\n<li><b>23 de janeiro:<\/b><span style=\"font-weight: 400;\"> Dia do Community Manager<\/span><\/li>\n<li><strong>28 de janeiro<\/strong>: Ano novo chin\u00eas<\/li>\n<li><strong>28 de janeiro<\/strong>:\u00a0<span style=\"font-weight: 400;\">Dia da Protec\u00e7\u00e3o de Dados<\/span><\/li>\n<li><strong>30 de janeiro<\/strong>: Dia mundial do n\u00e3o viol\u00eancia<\/li>\n<\/ul>\n<h3><span class=\"ez-toc-section\" id=\"2-_Fevereiro\"><\/span><strong>2.- Fevereiro<\/strong><span class=\"ez-toc-section-end\"><\/span><\/h3>\n<div class=\"su-youtube su-u-responsive-media-yes\"><iframe width=\"700\" height=\"440\" src=\"https:\/\/www.youtube.com\/embed\/CIREtLkhCuI?autohide=2&amp;autoplay=0&amp;mute=0&amp;controls=1&amp;fs=1&amp;loop=0&amp;modestbranding=0&amp;rel=1&amp;showinfo=1&amp;theme=dark&amp;wmode=&amp;playsinline=0\" frameborder=\"0\" allowfullscreen allow=\"autoplay; encrypted-media; picture-in-picture\" title=\"\"><\/iframe><\/div>\n<ul>\n<li><strong>2 de fevereiro<\/strong>: Dia de Iemanj\u00e1<\/li>\n<li><strong>4 de fevereiro<\/strong>: Dia mundial contra o c\u00e2ncer<\/li>\n<li><strong>5 de fevereiro<\/strong>: Superbowl. O grande evento medi\u00e1tico em Estados Unidos que muitas marcas de todo o mundo aproveitam<\/li>\n<li><strong>13 de fevereiro<\/strong>: Dia do solteiro<\/li>\n<li><strong>19 de fevereiro<\/strong>: Fim do hor\u00e1rio de ver\u00e3o<\/li>\n<li><b>20 de fevereiro:<\/b><span style=\"font-weight: 400;\"> Dia Mundial da Justi\u00e7a Social<\/span><\/li>\n<li><strong>24 de fevereiro<\/strong>: Promulga\u00e7\u00e3o da primeira Constitui\u00e7\u00e3o da Rep\u00fablica do Brasil (1891)<\/li>\n<li><strong>26 de fevereiro<\/strong>: Gala do Oscar<\/li>\n<li><strong>28 de fevereiro<\/strong>: Carnaval<\/li>\n<\/ul>\n<h3><span class=\"ez-toc-section\" id=\"3-_Marco\"><\/span><strong>3.- Mar\u00e7o<\/strong><span class=\"ez-toc-section-end\"><\/span><\/h3>\n<div class=\"su-youtube su-u-responsive-media-yes\"><iframe width=\"700\" height=\"440\" src=\"https:\/\/www.youtube.com\/embed\/PxsPyrTiVxg?autohide=2&amp;autoplay=0&amp;mute=0&amp;controls=1&amp;fs=1&amp;loop=0&amp;modestbranding=0&amp;rel=1&amp;showinfo=1&amp;theme=dark&amp;wmode=&amp;playsinline=0\" frameborder=\"0\" allowfullscreen allow=\"autoplay; encrypted-media; picture-in-picture\" title=\"\"><\/iframe><\/div>\n<ul>\n<li><strong>8 de mar\u00e7o<\/strong>: Dia Internacional da Mulher<\/li>\n<li><strong>9 de mar\u00e7o<\/strong>: Dia Internacional do DJ<\/li>\n<li><strong>14 de mar\u00e7o<\/strong>: Dia dos Carecas<\/li>\n<li><strong>15 de mar\u00e7o<\/strong>: Dia dos direitos do consumidor.<\/li>\n<li><b>17 de mar\u00e7o:<\/b><span style=\"font-weight: 400;\"> Dia de S\u00e3o Patr\u00edcio<\/span><\/li>\n<li><strong>20 de mar\u00e7o<\/strong>: Dia Internacional da Felicidade<\/li>\n<li><strong>20 de mar\u00e7o<\/strong>: In\u00edcio do Outono<\/li>\n<li style=\"font-weight: 400;\"><b>21 de mar\u00e7o: <\/b><span style=\"font-weight: 400;\">Dia Mundial da poesia<\/span><\/li>\n<li style=\"font-weight: 400;\"><b>22 de mar\u00e7o: <\/b><span style=\"font-weight: 400;\">Dia Mundial da \u00e1gua<\/span><\/li>\n<li><strong>27 de mar\u00e7o<\/strong>: Dia mundial do teatro<\/li>\n<\/ul>\n<h3><span class=\"ez-toc-section\" id=\"4-_Abril\"><\/span><strong>4.- Abril<\/strong><span class=\"ez-toc-section-end\"><\/span><\/h3>\n<div class=\"su-youtube su-u-responsive-media-yes\"><iframe width=\"700\" height=\"440\" src=\"https:\/\/www.youtube.com\/embed\/OdULLVDHABA?autohide=2&amp;autoplay=0&amp;mute=0&amp;controls=1&amp;fs=1&amp;loop=0&amp;modestbranding=0&amp;rel=1&amp;showinfo=1&amp;theme=dark&amp;wmode=&amp;playsinline=0\" frameborder=\"0\" allowfullscreen allow=\"autoplay; encrypted-media; picture-in-picture\" title=\"\"><\/iframe><\/div>\n<ul>\n<li><strong>1 de abril<\/strong>: Dia da Aboli\u00e7\u00e3o da Escravid\u00e3o dos \u00cdndios &#8211; 1680<\/li>\n<li><strong>7 de abril<\/strong>: Dia Mundial da Sa\u00fade<\/li>\n<li><strong>8 de abril<\/strong>: Dia Mundial da Astronomia<\/li>\n<li><strong>13 de abril<\/strong>: Dia Internacional do Beijo<\/li>\n<li><strong>14 de abril<\/strong>: Paix\u00e3o de Cristo<\/li>\n<li><strong>16 de abril<\/strong>: P\u00e1scoa<\/li>\n<li><strong>19 de abril<\/strong>: Dia Mundial <span style=\"font-weight: 400;\">da Bicicleta<\/span><\/li>\n<li><strong>21 de abril<\/strong>: Inaugura\u00e7\u00e3o de Bras\u00edlia<\/li>\n<li><strong>22 de abril<\/strong>: Dia do Descobrimento do Brasil<\/li>\n<li><strong>23 de abril<\/strong>: Dia do Livro<\/li>\n<li><strong>26 de abril<\/strong>: Dia do Goleiro.<\/li>\n<li><strong>28 de abril<\/strong>: Dia da Educa\u00e7\u00e3o<\/li>\n<li><strong>30 de abril<\/strong>: Dia Nacional da Mulher<\/li>\n<\/ul>\n<h3><span class=\"ez-toc-section\" id=\"5-_Maio\"><\/span><strong>5.- Maio<\/strong><span class=\"ez-toc-section-end\"><\/span><\/h3>\n<div class=\"su-youtube su-u-responsive-media-yes\"><iframe width=\"700\" height=\"440\" src=\"https:\/\/www.youtube.com\/embed\/n5c6GvSLD7w?autohide=2&amp;autoplay=0&amp;mute=0&amp;controls=1&amp;fs=1&amp;loop=0&amp;modestbranding=0&amp;rel=1&amp;showinfo=1&amp;theme=dark&amp;wmode=&amp;playsinline=0\" frameborder=\"0\" allowfullscreen allow=\"autoplay; encrypted-media; picture-in-picture\" title=\"\"><\/iframe><\/div>\n<ul>\n<li><strong>1 de maio<\/strong>: Dia Mundial do Trabalho<\/li>\n<li><strong>3 de maio<\/strong>: Dia Mundial da Liberdade de Imprensa<\/li>\n<li><b>4 de maio:<\/b><span style=\"font-weight: 400;\"> Dia Mundial dos Star Wars<\/span><\/li>\n<li><strong>8 de maio<\/strong>: Dia do Artista Pl\u00e1stico Brasileiro<\/li>\n<li><strong>10 de maio<\/strong>: Dia Nacional do Guia de Turismo<\/li>\n<li><strong>13 de maio<\/strong>: Dia de Nossa Senhora de F\u00e1tima<\/li>\n<li><strong>14 de maio<\/strong>: Dia das M\u00e3es. Uma jornada na que a criatividade pode fazer que aumente as vendas de uma maneira exponencial<\/li>\n<li><b>15 de maio:<\/b><span style=\"font-weight: 400;\"> Dia Internacional das Fam\u00edlias<\/span><\/li>\n<li><strong>17 de maio<\/strong>: Dia Internacional da Comunica\u00e7\u00e3o<\/li>\n<li><strong>24 de maio<\/strong>\u200b: Dia da Ind\u00fastria Gr\u00e1fica<\/li>\n<li><strong>25 de maio<\/strong>: Dia da Ind\u00fastria e do Industrial<\/li>\n<li><strong>27 de maio<\/strong>: Dia do Profissional Liberal<\/li>\n<li><b>31 de maio:<\/b><span style=\"font-weight: 400;\"> Dia Mundial Sem Tabaco<\/span><\/li>\n<\/ul>\n<h3><span class=\"ez-toc-section\" id=\"6-_Junho\"><\/span><strong>6.- Junho<\/strong><span class=\"ez-toc-section-end\"><\/span><\/h3>\n<div class=\"su-youtube su-u-responsive-media-yes\"><iframe width=\"700\" height=\"440\" src=\"https:\/\/www.youtube.com\/embed\/B_Axa3pI8_Q?autohide=2&amp;autoplay=0&amp;mute=0&amp;controls=1&amp;fs=1&amp;loop=0&amp;modestbranding=0&amp;rel=1&amp;showinfo=1&amp;theme=dark&amp;wmode=&amp;playsinline=0\" frameborder=\"0\" allowfullscreen allow=\"autoplay; encrypted-media; picture-in-picture\" title=\"\"><\/iframe><\/div>\n<ul>\n<li><strong>3 de junho<\/strong>: Champion&#8217;s League Final.<\/li>\n<li><strong>5 de junho<\/strong>: Dia mundial do Meio Ambiente<\/li>\n<li><b>8 de junho:<\/b><span style=\"font-weight: 400;\"> Dia Mundial dos Oceanos<\/span><\/li>\n<li><strong>10 a 11 de junho<\/strong>: Finals Roland Garros<\/li>\n<li><strong>11 de junho<\/strong>: Dia da Marinha Brasileira<\/li>\n<li><strong>12 de junho<\/strong>: Dia dos Namorados<\/li>\n<li><strong>13 de junho<\/strong>: Dia de Santo Ant\u00f4nio<\/li>\n<li><strong>18 de junho<\/strong>: Dia do Qu\u00edmico<\/li>\n<li><strong>19 de junho<\/strong>: Dia do Cinema Brasileiro<\/li>\n<li><strong>21 de junho<\/strong>: In\u00edcio do inverno<\/li>\n<li><b>22 de junho:<\/b><span style=\"font-weight: 400;\"> Dia Mundial do Smurf<\/span><\/li>\n<li><strong>23 de junho<\/strong>: Dia Ol\u00edmpico<\/li>\n<li><strong>24 de junho<\/strong>: Dia de S\u00e3o Jo\u00e3o<\/li>\n<li><strong>29 de junho<\/strong>: Dia de S\u00e3o Pedro<\/li>\n<\/ul>\n<h3><span class=\"ez-toc-section\" id=\"7-_Julho\"><\/span><strong>7.- Julho<\/strong><span class=\"ez-toc-section-end\"><\/span><\/h3>\n<div class=\"su-youtube su-u-responsive-media-yes\"><iframe width=\"700\" height=\"440\" src=\"https:\/\/www.youtube.com\/embed\/bl_jrW7z6Gc?autohide=2&amp;autoplay=0&amp;mute=0&amp;controls=1&amp;fs=1&amp;loop=0&amp;modestbranding=0&amp;rel=1&amp;showinfo=1&amp;theme=dark&amp;wmode=&amp;playsinline=0\" frameborder=\"0\" allowfullscreen allow=\"autoplay; encrypted-media; picture-in-picture\" title=\"\"><\/iframe><\/div>\n<ul>\n<li><b>2 de julho:<\/b><span style=\"font-weight: 400;\"> Independ\u00eancia da Bahia<\/span><\/li>\n<li><b>9 de julho:<\/b><span style=\"font-weight: 400;\"> Revolu\u00e7\u00e3o Constitucionalista de 1932<\/span><\/li>\n<li><strong>13 de julho<\/strong>: Dia mundial do rock<\/li>\n<li><strong>20 de julho<\/strong>: Dia do Amigo<\/li>\n<li style=\"font-weight: 400;\"><b>29 de julho:<\/b><span style=\"font-weight: 400;\"> Dia de Lasanha<\/span><\/li>\n<\/ul>\n<h3><span class=\"ez-toc-section\" id=\"8-_Agosto\"><\/span><strong>8.- Agosto<\/strong><span class=\"ez-toc-section-end\"><\/span><\/h3>\n<div class=\"su-youtube su-u-responsive-media-yes\"><iframe width=\"700\" height=\"440\" src=\"https:\/\/www.youtube.com\/embed\/bSHWPl9dQf0?autohide=2&amp;autoplay=0&amp;mute=0&amp;controls=1&amp;fs=1&amp;loop=0&amp;modestbranding=0&amp;rel=1&amp;showinfo=1&amp;theme=dark&amp;wmode=&amp;playsinline=0\" frameborder=\"0\" allowfullscreen allow=\"autoplay; encrypted-media; picture-in-picture\" title=\"\"><\/iframe><\/div>\n<ul>\n<li><strong>11 de agosto:<\/strong> Dia do Estudante<\/li>\n<li><strong>12 de agosto<\/strong>: Dia internacional da juventude<\/li>\n<li><strong>13 de agosto<\/strong>: Dia dos Pais<\/li>\n<li><strong>22 de agosto<\/strong>: Dia do Folclore<\/li>\n<li><strong>25 de agosto<\/strong>: Dia do Soldado<\/li>\n<li><strong>27 de agosto<\/strong>: Dia do Psic\u00f3logo<\/li>\n<li><strong>31 de agosto<\/strong>: Dia internacional da solidariedade<\/li>\n<\/ul>\n<h3><span class=\"ez-toc-section\" id=\"9-_Setembro\"><\/span><strong>9.- Setembro<\/strong><span class=\"ez-toc-section-end\"><\/span><\/h3>\n<div class=\"su-youtube su-u-responsive-media-yes\"><iframe width=\"700\" height=\"440\" src=\"https:\/\/www.youtube.com\/embed\/YBrX7fBkjv8?autohide=2&amp;autoplay=0&amp;mute=0&amp;controls=1&amp;fs=1&amp;loop=0&amp;modestbranding=0&amp;rel=1&amp;showinfo=1&amp;theme=dark&amp;wmode=&amp;playsinline=0\" frameborder=\"0\" allowfullscreen allow=\"autoplay; encrypted-media; picture-in-picture\" title=\"\"><\/iframe><\/div>\n<ul>\n<li><b>5 de setembro:<\/b><span style=\"font-weight: 400;\"> Dia Internacional do Bacon<\/span><\/li>\n<li><strong>7 de setembro<\/strong>: Dia da Proclama\u00e7\u00e3o da Independ\u00eancia do Brasil<\/li>\n<li><strong>13 de setembro<\/strong>: Dia do Programador<\/li>\n<li style=\"font-weight: 400;\"><b>19 de setembro:<\/b><span style=\"font-weight: 400;\"> Dia Internacional de Conversar como um Pirata<\/span><\/li>\n<li><strong>21 de setembro<\/strong>: Dia internacional da paz<\/li>\n<li><strong>22 de setembro<\/strong>: In\u00edcio da Primavera<\/li>\n<li><strong>27 de setembro<\/strong>: Dia mundial do turismo<\/li>\n<\/ul>\n<h3><span class=\"ez-toc-section\" id=\"10-_Outubro\"><\/span><strong>10.- Outubro<\/strong><span class=\"ez-toc-section-end\"><\/span><\/h3>\n<div class=\"su-youtube su-u-responsive-media-yes\"><iframe width=\"700\" height=\"440\" src=\"https:\/\/www.youtube.com\/embed\/J9HZU2JJlGc?autohide=2&amp;autoplay=0&amp;mute=0&amp;controls=1&amp;fs=1&amp;loop=0&amp;modestbranding=0&amp;rel=1&amp;showinfo=1&amp;theme=dark&amp;wmode=&amp;playsinline=0\" frameborder=\"0\" allowfullscreen allow=\"autoplay; encrypted-media; picture-in-picture\" title=\"\"><\/iframe><\/div>\n<ul>\n<li><strong>1 de outubro<\/strong>: Dia Internacional do caf\u00e9<\/li>\n<li><strong>4 de outubro<\/strong>: Dia mundial dos animais<\/li>\n<li><strong>4 a 22 de<\/strong>\u00a0<strong>outubro: <\/strong>Oktoberfest Blumenau<\/li>\n<li><strong>12 de<\/strong> <strong> outubro:<\/strong>\u00a0Dia da Padroeira do Brasil<\/li>\n<li><strong>16 de outubro<\/strong>: Dia mundial da alimenta\u00e7\u00e3o<\/li>\n<li><strong>19 de outubro<\/strong>: Dia internacional do C\u00e2ncer de Mama<\/li>\n<li><b>29 de outubro:<\/b><span style=\"font-weight: 400;\"> Dia Mundial da Internet<\/span><\/li>\n<li><strong>31 de outubro<\/strong>: Halloween<\/li>\n<\/ul>\n<h3><span class=\"ez-toc-section\" id=\"11-_Novembro\"><\/span><strong>11.- Novembro<\/strong><span class=\"ez-toc-section-end\"><\/span><\/h3>\n<div class=\"su-youtube su-u-responsive-media-yes\"><iframe width=\"700\" height=\"440\" src=\"https:\/\/www.youtube.com\/embed\/VqYoSFlACw4?autohide=2&amp;autoplay=0&amp;mute=0&amp;controls=1&amp;fs=1&amp;loop=0&amp;modestbranding=0&amp;rel=1&amp;showinfo=1&amp;theme=dark&amp;wmode=&amp;playsinline=0\" frameborder=\"0\" allowfullscreen allow=\"autoplay; encrypted-media; picture-in-picture\" title=\"\"><\/iframe><\/div>\n<ul>\n<li><strong>1 de novembro<\/strong>: Dia de Todos os Santos<\/li>\n<li><strong>2 de novembro<\/strong>: Dia de Finados<\/li>\n<li><strong>15 de novembro<\/strong>: Dia da Proclama\u00e7\u00e3o da Rep\u00fablica<\/li>\n<li><strong>19 de novembro<\/strong>: Dia da Bandeira Nacional<\/li>\n<li><strong>19 de novembro<\/strong>: Dia Internacional do Homem<\/li>\n<li><strong>20 de novembro<\/strong>: Dia da Consci\u00eancia Negra<\/li>\n<li><strong>20 de novembro:<\/strong>\u00a0<span style=\"font-weight: 400;\">Dia Mundial das Crian\u00e7as<\/span><\/li>\n<li><strong>21 de novembro<\/strong>: Dia Mundial da Televis\u00e3o<\/li>\n<\/ul>\n<h3><span class=\"ez-toc-section\" id=\"12-_Dezembro\"><\/span><strong>12.- Dezembro<\/strong><span class=\"ez-toc-section-end\"><\/span><\/h3>\n<div class=\"su-youtube su-u-responsive-media-yes\"><iframe width=\"700\" height=\"440\" src=\"https:\/\/www.youtube.com\/embed\/aCZrWFrRgbQ?autohide=2&amp;autoplay=0&amp;mute=0&amp;controls=1&amp;fs=1&amp;loop=0&amp;modestbranding=0&amp;rel=1&amp;showinfo=1&amp;theme=dark&amp;wmode=&amp;playsinline=0\" frameborder=\"0\" allowfullscreen allow=\"autoplay; encrypted-media; picture-in-picture\" title=\"\"><\/iframe><\/div>\n<ul>\n<li><b>1 de dezembro:<\/b><span style=\"font-weight: 400;\"> Dia Mundial da luta contra a Aids<\/span><\/li>\n<li><strong>7 a 10\u00a0<\/strong><b>de dezembro: <\/b>Comic Con Experience<\/li>\n<li><strong>8 de dezembro<\/strong>: Dia da Imaculada Concei\u00e7\u00e3o<\/li>\n<li><b>10 de dezembro:<\/b><span style=\"font-weight: 400;\"> Dia dos Direitos Humanos<\/span><\/li>\n<li><strong>21 de dezembro<\/strong>: In\u00edcio do ver\u00e3o<\/li>\n<li><strong>25 de dezembro<\/strong>: Natal. Para a maioria das lojas online, a \u00faltima estrat\u00e9gia de marketing digital natalino ser\u00e1 a que fecha o balanco do ano. O Natal \u00e9 o per\u00edodo de maior demanda e volume de vendas do ano.<\/li>\n<li><strong>31 de dezembro<\/strong>: R\u00e9veillon<\/li>\n<\/ul>\n<h2><span class=\"ez-toc-section\" id=\"4_passos_para_ajustar_seu_calendario_de_marketing_de_2017\"><\/span>4 passos para ajustar seu calend\u00e1rio de marketing de 2017<span class=\"ez-toc-section-end\"><\/span><\/h2>\n<p>Com tudo, as datas s\u00e3o importantes como carro-chefe sobre o que trabalhar uma estrat\u00e9gia de marketing digital. Mas tamb\u00e9m \u00e9 importante que tenha em conta os seguintes aspectos com a finalidade de criar um calend\u00e1rio de marketing de 2017 adaptado ao que necessita sua marca e seus usu\u00e1rios.<\/p>\n<h3><span class=\"ez-toc-section\" id=\"1-_Tudo_depende_do_seu_setor\"><\/span><strong>1.- Tudo depende do seu setor<\/strong><span class=\"ez-toc-section-end\"><\/span><\/h3>\n<p>Dependendo do setor no qual trabalhe, sua marca poder\u00e1 ter vendas estacionais ou picos em determinadas \u00e9pocas do ano. O calend\u00e1rio que definimos \u00e9 muito gen\u00e9rico. Por isso, deve ser voc\u00ea mesmo quem decida quais datas s\u00e3o boas para lan\u00e7ar suas estrat\u00e9gias de marketing digital e quais n\u00e3o.<\/p>\n<h3><span class=\"ez-toc-section\" id=\"2-_Planeje_suas_acoes\"><\/span><strong>2.- Planeje suas a\u00e7\u00f5es<\/strong><span class=\"ez-toc-section-end\"><\/span><\/h3>\n<p>Uma vez tenha escolhido as datas nas quais ir\u00e1 lan\u00e7ar seus projetos, ser\u00e1 o momento de planejar todas as a\u00e7\u00f5es comerciais e de marketing que deve levar em pr\u00e1tica. \u00c9 poss\u00edvel que resulte complicado executar campanhas em datas muito seguidas. Por isso, recomendamos a voc\u00ea que n\u00e3o tenha mais de duas datas importantes por m\u00eas. \u00c9 melhor que suas a\u00e7\u00f5es de marketing estejam controladas embora sejam poucas a querer fazer demais.<\/p>\n<h3><span class=\"ez-toc-section\" id=\"3-_Defina_um_orcamento\"><\/span><strong>3.- Defina um or\u00e7amento<\/strong><span class=\"ez-toc-section-end\"><\/span><\/h3>\n<p>O objetivo das campanhas de marketing n\u00e3o \u00e9 somente aumentar as vendas, mas conseguir benef\u00edcios. Qualquer a\u00e7\u00e3o que voc\u00ea execute ter\u00e1 custos, pelo que \u00e9 recomend\u00e1vel que tome conhecimento antes de come\u00e7ar. Desta forma no te pillar\u00e1s los dedos.<\/p>\n<h3><span class=\"ez-toc-section\" id=\"4-_Medir_e_analisar_os_resultados\"><\/span><strong>4.- Medir e analisar os resultados<\/strong><span class=\"ez-toc-section-end\"><\/span><\/h3>\n<p>Como sempre, \u00e9 necess\u00e1rio que conhe\u00e7a se seus planos tem sucesso ou ao contr\u00e1rio, o que \u00e9 que falhou. Somente pode melhorar aquilo que voc\u00ea mede. Da\u00ed que seja essencial que decida n\u00e3o somente as datas como tamb\u00e9m os indicadores que ir\u00e1 utilizar para analisar o resultado de suas a\u00e7\u00f5es.<\/p>\n<p>Muitas marcas est\u00e3o espremendo todos seus canais de marketing e as ferramentas adequadas para cumprir seus objetivos. Portanto, \u00e9 melhor come\u00e7ar o mais cedo poss\u00edvel plantear-te do ano. Desta maneira poder\u00e1 colocar em pr\u00e1tica estrat\u00e9gias adequadas. Estudadas e analisadas ao detalhe.<\/p>\n<p>Estas s\u00e3o somente as pautas b\u00e1sicas sobre as que construir sua estrat\u00e9gia de marketing digital para o ano que come\u00e7ou. Por\u00e9m, <strong>um calend\u00e1rio de marketing de 2017 \u00e9 somente uma ferramenta a mais que deve complementar-se com a utiliza\u00e7\u00e3o de <a href=\"https:\/\/www.mdirector.com\/pt\/?origin=WEB_blog_PT_calendario_marketing_2017\" target=\"_blank\" rel=\"noopener\">ferramentas de marketing<\/a> profissionais<\/strong>.<\/p>\n<p>Est\u00e1 disposto a <a href=\"https:\/\/www.mdirector.com\/pt\/mdirector-contact\/?origin=WEB_blog_PT_calendario_marketing_2017\">trabalhar todos seus canais digitais atrav\u00e9s de uma \u00fanica ferramenta<\/a>? Prove j\u00e1 <strong>MDirector<\/strong> e poder\u00e1 tirar o m\u00e1ximo proveito a seu calend\u00e1rio de marketing de 2017.<\/p>\n","protected":false},"excerpt":{"rendered":"<p>Recentemente come\u00e7ou ou ano e \u00e9 o momento perfeito para incluir no calend\u00e1rio de marketing de 2017 os projetos que est\u00e1 por vir. Seguro que entre seus prop\u00f3sitos de ano novo est\u00e1 o de ver [&hellip;]<\/p>\n","protected":false},"author":2,"featured_media":33813,"comment_status":"open","ping_status":"open","sticky":false,"template":"","format":"standard","meta":{"_lmt_disableupdate":"","_lmt_disable":"","rating_form_position":"","rating_results_position":"","mr_structured_data_type":"","footnotes":""},"categories":[1898],"tags":[],"class_list":["post-118651","post","type-post","status-publish","format-standard","has-post-thumbnail","hentry","category-marketing-digital"],"acf":[],"yoast_head":"<!-- This site is optimized with the Yoast SEO plugin v25.3 - https:\/\/yoast.com\/wordpress\/plugins\/seo\/ -->\n<title>Calend\u00e1rio 2017 de datas importantes para seu plano de marketing<\/title>\n<meta name=\"description\" content=\"Recentemente come\u00e7ou ou ano e \u00e9 o momento perfeito para incluir no calend\u00e1rio de marketing de 2017 os projetos que est\u00e1 por vir. Seguro que entre seus\" \/>\n<meta name=\"robots\" content=\"noindex, nofollow\" \/>\n<meta property=\"og:locale\" content=\"pt_PT\" \/>\n<meta property=\"og:type\" content=\"article\" \/>\n<meta property=\"og:title\" content=\"Calend\u00e1rio 2017 de datas importantes para seu plano de marketing\" \/>\n<meta property=\"og:description\" content=\"Recentemente come\u00e7ou ou ano e \u00e9 o momento perfeito para incluir no calend\u00e1rio de marketing de 2017 os projetos que est\u00e1 por vir. Seguro que entre seus\" \/>\n<meta property=\"og:url\" content=\"https:\/\/www.mdirector.com\/pt\/blog\/calendario-marketing-2017\/\" \/>\n<meta property=\"og:site_name\" content=\"MDirector\" \/>\n<meta property=\"article:publisher\" content=\"https:\/\/www.facebook.com\/MDirector.es\" \/>\n<meta property=\"article:published_time\" content=\"2017-01-02T23:00:00+00:00\" \/>\n<meta property=\"article:modified_time\" content=\"2022-04-19T11:49:08+00:00\" \/>\n<meta property=\"og:image\" content=\"https:\/\/www.mdirector.com\/wp-content\/uploads\/2022\/04\/base-calendario.jpg\" \/>\n\t<meta property=\"og:image:width\" content=\"653\" \/>\n\t<meta property=\"og:image:height\" content=\"493\" \/>\n\t<meta property=\"og:image:type\" content=\"image\/jpeg\" \/>\n<meta name=\"author\" content=\"NewsMDirector\" \/>\n<meta name=\"twitter:card\" content=\"summary_large_image\" \/>\n<meta name=\"twitter:creator\" content=\"@emailMDirector\" \/>\n<meta name=\"twitter:site\" content=\"@emailMDirector\" \/>\n<meta name=\"twitter:label1\" content=\"Written by\" \/>\n\t<meta name=\"twitter:data1\" content=\"NewsMDirector\" \/>\n\t<meta name=\"twitter:label2\" content=\"Est. reading time\" \/>\n\t<meta name=\"twitter:data2\" content=\"8 minutes\" \/>\n<script type=\"application\/ld+json\" class=\"yoast-schema-graph\">{\"@context\":\"https:\/\/schema.org\",\"@graph\":[{\"@type\":\"Article\",\"@id\":\"https:\/\/www.mdirector.com\/pt\/blog\/calendario-marketing-2017\/#article\",\"isPartOf\":{\"@id\":\"https:\/\/www.mdirector.com\/pt\/blog\/calendario-marketing-2017\/\"},\"author\":{\"name\":\"NewsMDirector\",\"@id\":\"https:\/\/www.mdirector.com\/pt\/#\/schema\/person\/d91d62ca88afe0ab43d79d7fadc367b5\"},\"headline\":\"Calend\u00e1rio 2017 de datas importantes para seu plano de marketing\",\"datePublished\":\"2017-01-02T23:00:00+00:00\",\"dateModified\":\"2022-04-19T11:49:08+00:00\",\"mainEntityOfPage\":{\"@id\":\"https:\/\/www.mdirector.com\/pt\/blog\/calendario-marketing-2017\/\"},\"wordCount\":1694,\"commentCount\":0,\"publisher\":{\"@id\":\"https:\/\/www.mdirector.com\/pt\/#organization\"},\"image\":{\"@id\":\"https:\/\/www.mdirector.com\/pt\/blog\/calendario-marketing-2017\/#primaryimage\"},\"thumbnailUrl\":\"https:\/\/www.mdirector.com\/wp-content\/uploads\/2022\/04\/base-calendario.jpg\",\"articleSection\":[\"Marketing Digital\"],\"inLanguage\":\"pt\",\"potentialAction\":[{\"@type\":\"CommentAction\",\"name\":\"Comment\",\"target\":[\"https:\/\/www.mdirector.com\/pt\/blog\/calendario-marketing-2017\/#respond\"]}]},{\"@type\":\"WebPage\",\"@id\":\"https:\/\/www.mdirector.com\/pt\/blog\/calendario-marketing-2017\/\",\"url\":\"https:\/\/www.mdirector.com\/pt\/blog\/calendario-marketing-2017\/\",\"name\":\"Calend\u00e1rio 2017 de datas importantes para seu plano de marketing\",\"isPartOf\":{\"@id\":\"https:\/\/www.mdirector.com\/pt\/#website\"},\"primaryImageOfPage\":{\"@id\":\"https:\/\/www.mdirector.com\/pt\/blog\/calendario-marketing-2017\/#primaryimage\"},\"image\":{\"@id\":\"https:\/\/www.mdirector.com\/pt\/blog\/calendario-marketing-2017\/#primaryimage\"},\"thumbnailUrl\":\"https:\/\/www.mdirector.com\/wp-content\/uploads\/2022\/04\/base-calendario.jpg\",\"datePublished\":\"2017-01-02T23:00:00+00:00\",\"dateModified\":\"2022-04-19T11:49:08+00:00\",\"description\":\"Recentemente come\u00e7ou ou ano e \u00e9 o momento perfeito para incluir no calend\u00e1rio de marketing de 2017 os projetos que est\u00e1 por vir. Seguro que entre seus\",\"breadcrumb\":{\"@id\":\"https:\/\/www.mdirector.com\/pt\/blog\/calendario-marketing-2017\/#breadcrumb\"},\"inLanguage\":\"pt\",\"potentialAction\":[{\"@type\":\"ReadAction\",\"target\":[\"https:\/\/www.mdirector.com\/pt\/blog\/calendario-marketing-2017\/\"]}]},{\"@type\":\"ImageObject\",\"inLanguage\":\"pt\",\"@id\":\"https:\/\/www.mdirector.com\/pt\/blog\/calendario-marketing-2017\/#primaryimage\",\"url\":\"https:\/\/www.mdirector.com\/wp-content\/uploads\/2022\/04\/base-calendario.jpg\",\"contentUrl\":\"https:\/\/www.mdirector.com\/wp-content\/uploads\/2022\/04\/base-calendario.jpg\",\"width\":653,\"height\":493},{\"@type\":\"BreadcrumbList\",\"@id\":\"https:\/\/www.mdirector.com\/pt\/blog\/calendario-marketing-2017\/#breadcrumb\",\"itemListElement\":[{\"@type\":\"ListItem\",\"position\":1,\"name\":\"Inicio\",\"item\":\"https:\/\/www.mdirector.com\/pt\/\"},{\"@type\":\"ListItem\",\"position\":2,\"name\":\"Calend\u00e1rio 2017 de datas importantes para seu plano de marketing\"}]},{\"@type\":\"WebSite\",\"@id\":\"https:\/\/www.mdirector.com\/pt\/#website\",\"url\":\"https:\/\/www.mdirector.com\/pt\/\",\"name\":\"MDirector\",\"description\":\"\",\"publisher\":{\"@id\":\"https:\/\/www.mdirector.com\/pt\/#organization\"},\"potentialAction\":[{\"@type\":\"SearchAction\",\"target\":{\"@type\":\"EntryPoint\",\"urlTemplate\":\"https:\/\/www.mdirector.com\/pt\/?s={search_term_string}\"},\"query-input\":{\"@type\":\"PropertyValueSpecification\",\"valueRequired\":true,\"valueName\":\"search_term_string\"}}],\"inLanguage\":\"pt\"},{\"@type\":\"Organization\",\"@id\":\"https:\/\/www.mdirector.com\/pt\/#organization\",\"name\":\"MDirector\",\"url\":\"https:\/\/www.mdirector.com\/pt\/\",\"logo\":{\"@type\":\"ImageObject\",\"inLanguage\":\"pt\",\"@id\":\"https:\/\/www.mdirector.com\/pt\/#\/schema\/logo\/image\/\",\"url\":\"https:\/\/www.mdirector.com\/wp-content\/uploads\/2023\/01\/mdirectorbimi-ok23-tiny-ps.svg\",\"contentUrl\":\"https:\/\/www.mdirector.com\/wp-content\/uploads\/2023\/01\/mdirectorbimi-ok23-tiny-ps.svg\",\"width\":401,\"height\":401,\"caption\":\"MDirector\"},\"image\":{\"@id\":\"https:\/\/www.mdirector.com\/pt\/#\/schema\/logo\/image\/\"},\"sameAs\":[\"https:\/\/www.facebook.com\/MDirector.es\",\"https:\/\/x.com\/emailMDirector\",\"https:\/\/www.linkedin.com\/company\/1373906\/\"]},{\"@type\":\"Person\",\"@id\":\"https:\/\/www.mdirector.com\/pt\/#\/schema\/person\/d91d62ca88afe0ab43d79d7fadc367b5\",\"name\":\"NewsMDirector\",\"image\":{\"@type\":\"ImageObject\",\"inLanguage\":\"pt\",\"@id\":\"https:\/\/www.mdirector.com\/pt\/#\/schema\/person\/image\/\",\"url\":\"https:\/\/secure.gravatar.com\/avatar\/56aaa057e6c30e70ef9a4db165a17832a7661affd8b3677bf17f63d57e8adf60?s=96&d=mm&r=g\",\"contentUrl\":\"https:\/\/secure.gravatar.com\/avatar\/56aaa057e6c30e70ef9a4db165a17832a7661affd8b3677bf17f63d57e8adf60?s=96&d=mm&r=g\",\"caption\":\"NewsMDirector\"},\"description\":\"Equipo de Redacci\u00f3n de MDirector\",\"sameAs\":[\"https:\/\/www.linkedin.com\/company\/1373906\"],\"url\":\"https:\/\/www.mdirector.com\/pt\/author\/newsmdirector\/\"}]}<\/script>\n<!-- \/ Yoast SEO plugin. -->","yoast_head_json":{"title":"Calend\u00e1rio 2017 de datas importantes para seu plano de marketing","description":"Recentemente come\u00e7ou ou ano e \u00e9 o momento perfeito para incluir no calend\u00e1rio de marketing de 2017 os projetos que est\u00e1 por vir. Seguro que entre seus","robots":{"index":"noindex","follow":"nofollow"},"og_locale":"pt_PT","og_type":"article","og_title":"Calend\u00e1rio 2017 de datas importantes para seu plano de marketing","og_description":"Recentemente come\u00e7ou ou ano e \u00e9 o momento perfeito para incluir no calend\u00e1rio de marketing de 2017 os projetos que est\u00e1 por vir. Seguro que entre seus","og_url":"https:\/\/www.mdirector.com\/pt\/blog\/calendario-marketing-2017\/","og_site_name":"MDirector","article_publisher":"https:\/\/www.facebook.com\/MDirector.es","article_published_time":"2017-01-02T23:00:00+00:00","article_modified_time":"2022-04-19T11:49:08+00:00","og_image":[{"width":653,"height":493,"url":"https:\/\/www.mdirector.com\/wp-content\/uploads\/2022\/04\/base-calendario.jpg","type":"image\/jpeg"}],"author":"NewsMDirector","twitter_card":"summary_large_image","twitter_creator":"@emailMDirector","twitter_site":"@emailMDirector","twitter_misc":{"Written by":"NewsMDirector","Est. reading time":"8 minutes"},"schema":{"@context":"https:\/\/schema.org","@graph":[{"@type":"Article","@id":"https:\/\/www.mdirector.com\/pt\/blog\/calendario-marketing-2017\/#article","isPartOf":{"@id":"https:\/\/www.mdirector.com\/pt\/blog\/calendario-marketing-2017\/"},"author":{"name":"NewsMDirector","@id":"https:\/\/www.mdirector.com\/pt\/#\/schema\/person\/d91d62ca88afe0ab43d79d7fadc367b5"},"headline":"Calend\u00e1rio 2017 de datas importantes para seu plano de marketing","datePublished":"2017-01-02T23:00:00+00:00","dateModified":"2022-04-19T11:49:08+00:00","mainEntityOfPage":{"@id":"https:\/\/www.mdirector.com\/pt\/blog\/calendario-marketing-2017\/"},"wordCount":1694,"commentCount":0,"publisher":{"@id":"https:\/\/www.mdirector.com\/pt\/#organization"},"image":{"@id":"https:\/\/www.mdirector.com\/pt\/blog\/calendario-marketing-2017\/#primaryimage"},"thumbnailUrl":"https:\/\/www.mdirector.com\/wp-content\/uploads\/2022\/04\/base-calendario.jpg","articleSection":["Marketing Digital"],"inLanguage":"pt","potentialAction":[{"@type":"CommentAction","name":"Comment","target":["https:\/\/www.mdirector.com\/pt\/blog\/calendario-marketing-2017\/#respond"]}]},{"@type":"WebPage","@id":"https:\/\/www.mdirector.com\/pt\/blog\/calendario-marketing-2017\/","url":"https:\/\/www.mdirector.com\/pt\/blog\/calendario-marketing-2017\/","name":"Calend\u00e1rio 2017 de datas importantes para seu plano de marketing","isPartOf":{"@id":"https:\/\/www.mdirector.com\/pt\/#website"},"primaryImageOfPage":{"@id":"https:\/\/www.mdirector.com\/pt\/blog\/calendario-marketing-2017\/#primaryimage"},"image":{"@id":"https:\/\/www.mdirector.com\/pt\/blog\/calendario-marketing-2017\/#primaryimage"},"thumbnailUrl":"https:\/\/www.mdirector.com\/wp-content\/uploads\/2022\/04\/base-calendario.jpg","datePublished":"2017-01-02T23:00:00+00:00","dateModified":"2022-04-19T11:49:08+00:00","description":"Recentemente come\u00e7ou ou ano e \u00e9 o momento perfeito para incluir no calend\u00e1rio de marketing de 2017 os projetos que est\u00e1 por vir. Seguro que entre seus","breadcrumb":{"@id":"https:\/\/www.mdirector.com\/pt\/blog\/calendario-marketing-2017\/#breadcrumb"},"inLanguage":"pt","potentialAction":[{"@type":"ReadAction","target":["https:\/\/www.mdirector.com\/pt\/blog\/calendario-marketing-2017\/"]}]},{"@type":"ImageObject","inLanguage":"pt","@id":"https:\/\/www.mdirector.com\/pt\/blog\/calendario-marketing-2017\/#primaryimage","url":"https:\/\/www.mdirector.com\/wp-content\/uploads\/2022\/04\/base-calendario.jpg","contentUrl":"https:\/\/www.mdirector.com\/wp-content\/uploads\/2022\/04\/base-calendario.jpg","width":653,"height":493},{"@type":"BreadcrumbList","@id":"https:\/\/www.mdirector.com\/pt\/blog\/calendario-marketing-2017\/#breadcrumb","itemListElement":[{"@type":"ListItem","position":1,"name":"Inicio","item":"https:\/\/www.mdirector.com\/pt\/"},{"@type":"ListItem","position":2,"name":"Calend\u00e1rio 2017 de datas importantes para seu plano de marketing"}]},{"@type":"WebSite","@id":"https:\/\/www.mdirector.com\/pt\/#website","url":"https:\/\/www.mdirector.com\/pt\/","name":"MDirector","description":"","publisher":{"@id":"https:\/\/www.mdirector.com\/pt\/#organization"},"potentialAction":[{"@type":"SearchAction","target":{"@type":"EntryPoint","urlTemplate":"https:\/\/www.mdirector.com\/pt\/?s={search_term_string}"},"query-input":{"@type":"PropertyValueSpecification","valueRequired":true,"valueName":"search_term_string"}}],"inLanguage":"pt"},{"@type":"Organization","@id":"https:\/\/www.mdirector.com\/pt\/#organization","name":"MDirector","url":"https:\/\/www.mdirector.com\/pt\/","logo":{"@type":"ImageObject","inLanguage":"pt","@id":"https:\/\/www.mdirector.com\/pt\/#\/schema\/logo\/image\/","url":"https:\/\/www.mdirector.com\/wp-content\/uploads\/2023\/01\/mdirectorbimi-ok23-tiny-ps.svg","contentUrl":"https:\/\/www.mdirector.com\/wp-content\/uploads\/2023\/01\/mdirectorbimi-ok23-tiny-ps.svg","width":401,"height":401,"caption":"MDirector"},"image":{"@id":"https:\/\/www.mdirector.com\/pt\/#\/schema\/logo\/image\/"},"sameAs":["https:\/\/www.facebook.com\/MDirector.es","https:\/\/x.com\/emailMDirector","https:\/\/www.linkedin.com\/company\/1373906\/"]},{"@type":"Person","@id":"https:\/\/www.mdirector.com\/pt\/#\/schema\/person\/d91d62ca88afe0ab43d79d7fadc367b5","name":"NewsMDirector","image":{"@type":"ImageObject","inLanguage":"pt","@id":"https:\/\/www.mdirector.com\/pt\/#\/schema\/person\/image\/","url":"https:\/\/secure.gravatar.com\/avatar\/56aaa057e6c30e70ef9a4db165a17832a7661affd8b3677bf17f63d57e8adf60?s=96&d=mm&r=g","contentUrl":"https:\/\/secure.gravatar.com\/avatar\/56aaa057e6c30e70ef9a4db165a17832a7661affd8b3677bf17f63d57e8adf60?s=96&d=mm&r=g","caption":"NewsMDirector"},"description":"Equipo de Redacci\u00f3n de MDirector","sameAs":["https:\/\/www.linkedin.com\/company\/1373906"],"url":"https:\/\/www.mdirector.com\/pt\/author\/newsmdirector\/"}]}},"modified_by":null,"multi-rating":{"mr_rating_results":[]},"amp_enabled":true,"_links":{"self":[{"href":"https:\/\/www.mdirector.com\/pt\/wp-json\/wp\/v2\/posts\/118651","targetHints":{"allow":["GET"]}}],"collection":[{"href":"https:\/\/www.mdirector.com\/pt\/wp-json\/wp\/v2\/posts"}],"about":[{"href":"https:\/\/www.mdirector.com\/pt\/wp-json\/wp\/v2\/types\/post"}],"author":[{"embeddable":true,"href":"https:\/\/www.mdirector.com\/pt\/wp-json\/wp\/v2\/users\/2"}],"replies":[{"embeddable":true,"href":"https:\/\/www.mdirector.com\/pt\/wp-json\/wp\/v2\/comments?post=118651"}],"version-history":[{"count":0,"href":"https:\/\/www.mdirector.com\/pt\/wp-json\/wp\/v2\/posts\/118651\/revisions"}],"wp:featuredmedia":[{"embeddable":true,"href":"https:\/\/www.mdirector.com\/pt\/wp-json\/wp\/v2\/media\/33813"}],"wp:attachment":[{"href":"https:\/\/www.mdirector.com\/pt\/wp-json\/wp\/v2\/media?parent=118651"}],"wp:term":[{"taxonomy":"category","embeddable":true,"href":"https:\/\/www.mdirector.com\/pt\/wp-json\/wp\/v2\/categories?post=118651"},{"taxonomy":"post_tag","embeddable":true,"href":"https:\/\/www.mdirector.com\/pt\/wp-json\/wp\/v2\/tags?post=118651"}],"curies":[{"name":"wp","href":"https:\/\/api.w.org\/{rel}","templated":true}]}}